{"id":876,"date":"2019-11-15T13:44:21","date_gmt":"2019-11-15T12:44:21","guid":{"rendered":"https:\/\/www.empacksthlm.se\/?p=876"},"modified":"2020-04-20T09:16:46","modified_gmt":"2020-04-20T07:16:46","slug":"hallbarhet-handlar-om-helhet","status":"publish","type":"post","link":"https:\/\/www.empacksthlm.se\/sv\/2019\/11\/15\/hallbarhet-handlar-om-helhet\/","title":{"rendered":"H\u00e5llbarhet handlar om helhet"},"content":{"rendered":"\t\t<div data-elementor-type=\"wp-post\" data-elementor-id=\"876\" class=\"elementor elementor-876\" data-elementor-post-type=\"post\">\n\t\t\t\t\t\t<section class=\"elementor-section elementor-top-section elementor-element elementor-element-af9f3ce elementor-section-boxed elementor-section-height-default elementor-section-height-default\" data-id=\"af9f3ce\" data-element_type=\"section\" data-settings=\"{&quot;background_background&quot;:&quot;classic&quot;,&quot;shape_divider_bottom&quot;:&quot;tilt&quot;}\">\n\t\t\t\t\t\t\t<div class=\"elementor-background-overlay\"><\/div>\n\t\t\t\t\t\t<div class=\"elementor-shape elementor-shape-bottom\" aria-hidden=\"true\" data-negative=\"false\">\n\t\t\t<svg xmlns=\"http:\/\/www.w3.org\/2000\/svg\" viewBox=\"0 0 1000 100\" preserveAspectRatio=\"none\">\n\t<path class=\"elementor-shape-fill\" d=\"M0,6V0h1000v100L0,6z\"\/>\n<\/svg>\t\t<\/div>\n\t\t\t\t\t<div class=\"elementor-container elementor-column-gap-default\">\n\t\t\t\t\t<div class=\"elementor-column elementor-col-100 elementor-top-column elementor-element elementor-element-e5a0235\" data-id=\"e5a0235\" data-element_type=\"column\">\n\t\t\t<div class=\"elementor-widget-wrap elementor-element-populated\">\n\t\t\t\t\t\t<div class=\"elementor-element elementor-element-3006521 elementor-widget elementor-widget-heading\" data-id=\"3006521\" data-element_type=\"widget\" data-widget_type=\"heading.default\">\n\t\t\t\t<div class=\"elementor-widget-container\">\n\t\t\t\t\t<h1 class=\"elementor-heading-title elementor-size-default\">H\u00e5llbarhet handlar om helhet<\/h1>\t\t\t\t<\/div>\n\t\t\t\t<\/div>\n\t\t\t\t\t<\/div>\n\t\t<\/div>\n\t\t\t\t\t<\/div>\n\t\t<\/section>\n\t\t\t\t<section class=\"elementor-section elementor-top-section elementor-element elementor-element-b09b95a elementor-section-boxed elementor-section-height-default elementor-section-height-default\" data-id=\"b09b95a\" data-element_type=\"section\">\n\t\t\t\t\t\t<div class=\"elementor-container elementor-column-gap-default\">\n\t\t\t\t\t<div class=\"elementor-column elementor-col-66 elementor-top-column elementor-element elementor-element-c60c89e\" data-id=\"c60c89e\" data-element_type=\"column\" data-settings=\"{&quot;background_background&quot;:&quot;classic&quot;}\">\n\t\t\t<div class=\"elementor-widget-wrap elementor-element-populated\">\n\t\t\t\t\t\t<div class=\"elementor-element elementor-element-3b546d6 elementor-widget elementor-widget-theme-post-featured-image elementor-widget-image\" data-id=\"3b546d6\" data-element_type=\"widget\" data-widget_type=\"theme-post-featured-image.default\">\n\t\t\t\t<div class=\"elementor-widget-container\">\n\t\t\t\t\t\t\t\t\t\t\t\t\t\t\t<img fetchpriority=\"high\" decoding=\"async\" width=\"800\" height=\"534\" src=\"https:\/\/easyfairsassets.com\/sites\/125\/2019\/11\/h\u00e5llbarhet-1024x683.jpeg\" class=\"attachment-large size-large wp-image-887\" alt=\"H\u00e5llbarhet\" srcset=\"https:\/\/easyfairsassets.com\/sites\/125\/2019\/11\/h\u00e5llbarhet-1024x683.jpeg 1024w, https:\/\/easyfairsassets.com\/sites\/125\/2019\/11\/h\u00e5llbarhet-300x200.jpeg 300w, https:\/\/easyfairsassets.com\/sites\/125\/2019\/11\/h\u00e5llbarhet-768x512.jpeg 768w, https:\/\/easyfairsassets.com\/sites\/125\/2019\/11\/h\u00e5llbarhet.jpeg 1920w\" sizes=\"(max-width: 800px) 100vw, 800px\" \/>\t\t\t\t\t\t\t\t\t\t\t\t\t\t\t<\/div>\n\t\t\t\t<\/div>\n\t\t\t\t<div class=\"elementor-element elementor-element-ab54360 elementor-widget elementor-widget-heading\" data-id=\"ab54360\" data-element_type=\"widget\" data-widget_type=\"heading.default\">\n\t\t\t\t<div class=\"elementor-widget-container\">\n\t\t\t\t\t<h2 class=\"elementor-heading-title elementor-size-default\">Per Stefan Gersbo om h\u00e5llbart f\u00f6retagande<\/h2>\t\t\t\t<\/div>\n\t\t\t\t<\/div>\n\t\t\t\t<div class=\"elementor-element elementor-element-75cf3ca elementor-widget-divider--view-line elementor-widget elementor-widget-divider\" data-id=\"75cf3ca\" data-element_type=\"widget\" data-widget_type=\"divider.default\">\n\t\t\t\t<div class=\"elementor-widget-container\">\n\t\t\t\t\t\t\t<div class=\"elementor-divider\">\n\t\t\t<span class=\"elementor-divider-separator\">\n\t\t\t\t\t\t<\/span>\n\t\t<\/div>\n\t\t\t\t\t\t<\/div>\n\t\t\t\t<\/div>\n\t\t\t\t<div class=\"elementor-element elementor-element-bfc94e6 elementor-widget elementor-widget-text-editor\" data-id=\"bfc94e6\" data-element_type=\"widget\" data-widget_type=\"text-editor.default\">\n\t\t\t\t<div class=\"elementor-widget-container\">\n\t\t\t\t\t\t\t\t\t<div>\n<div><span style=\"font-size: 16px;font-style: normal;font-weight: bold\">Per Stefan Gersbo \u00e4r en van moderator med bred erfarenhet. Flera g\u00e5nger har han tagit sig an debatter med storf\u00f6retag f\u00f6r att diskutera och utveckla deras syn p\u00e5 ett h\u00e5llbart f\u00f6retagande. Det finns m\u00e4ngder med fr\u00e5gor inom omr\u00e5det som beh\u00f6ver f\u00e5 svar, f\u00f6r gemensamt f\u00f6r alla f\u00f6retag, s\u00e5v\u00e4l l\u00e5ngt komna som de som precis b\u00f6rjat sin h\u00e5llbarhetsresan &#8211; \u00e4r att det mesta av jobbet \u00e5terst\u00e5r. Empack har f\u00e5tt en v\u00e4rdefull intervju med Per Stefan om hans syn p\u00e5 h\u00e5llbarhet f\u00f6retagande idag och fram\u00e5t.&nbsp;<\/span><strong style=\"font-size: 16px\"><br><\/strong><\/div>\n<div><span style=\"font-size: 16px;font-style: normal;font-weight: bold\">&nbsp;<\/span><\/div>\n<div><strong style=\"font-size: 16px\">1. Du \u00e4r en rutinerad moderator och har varit med i debatter om h\u00e5llbarhet tidigare, finns det n\u00e5got som ofta utm\u00e4rker sig n\u00e4r det kommer till diskussioner om h\u00e5llbarhet?<\/strong><\/div>\n<\/div>\n<div>\n<div>\n<p>H\u00e5llbarhet \u00e4r ett omfattande begrepp. Sverige \u00e4r ett av 193 FN-l\u00e4nder som f\u00f6rbundit sig att arbete f\u00f6r att uppn\u00e5 en socialt, milj\u00f6m\u00e4ssigt och ekonomiskt h\u00e5llbar v\u00e4rld till 2030. Agendan har 17 delm\u00e5l. Inget f\u00f6retag arbetar aktivt med alla. H\u00e5llbarhet har olika inneb\u00f6rd f\u00f6r olika branscher. Det \u00e4r viktigt att inse att h\u00e5llbarhet handlar om helhet.&nbsp; &nbsp; &nbsp; &nbsp; &nbsp;<\/p>\n<p><b>2. Upplever du att f\u00f6retag har f\u00f6rst\u00e5tt vilket ansvar som m\u00e5ste tas f\u00f6r ett h\u00e5llbart f\u00f6retagande, ur milj\u00f6perspektivet?<br><\/b><span style=\"font-size: 15px\">F\u00f6r att klara m\u00e5let, ett fossilfritt och koldioxidneutralt Sverige 2045, \u00e5terst\u00e5r m\u00e5nga utmaningar. F\u00f6retagen inser sitt ansvar, men har kanske inte alla svaren p\u00e5 vad som beh\u00f6ver g\u00f6ras. Det kr\u00e4vs samarbete mellan akt\u00f6rerna i v\u00e4rdecykeln f\u00f6r att n\u00e5 m\u00e5len, det \u00e4r alla \u00f6verens om.&nbsp; &nbsp; &nbsp; &nbsp;<\/span><\/p>\n<p><b>3. Goda aff\u00e4rer och h\u00e5llbarhet, hur g\u00e5r det ihop \u2013 \u00e4r temat p\u00e5 debatten du modererar, \u00e4r det en fr\u00e5ga m\u00e5nga brottas med idag?<br><\/b><span style=\"font-size: 15px\">Ett f\u00f6retag som inte \u00e4r l\u00f6nsamt lever farligt. Enligt en enk\u00e4t i Dagens Industri f\u00f6r ett slag sedan ans\u00e5g drygt tv\u00e5 tredjedelar av storbolagen att vinstkraven i aktiebolagslagen l\u00e4gger krokben f\u00f6r b\u00f6rsbolagens h\u00e5llbarhetsarbete. F\u00f6r ett mindre f\u00f6retag kan utmaningen med l\u00f6nsamhet i kombination med h\u00e5llbarhet vara oerh\u00f6rt sv\u00e5r.&nbsp; &nbsp;&nbsp;<\/span><\/p>\n<p><b>4. Efter att ha tr\u00e4ffat och pratat med m\u00e5nga stora f\u00f6retag om just h\u00e5llbarhet \u2013 \u00e4r det n\u00e5got f\u00f6retag du imponeras av, en pionj\u00e4r som kommit l\u00e4ngre?&nbsp;<br><\/b><span style=\"font-size: 15px\">De nordiska l\u00e4nderna toppar de flesta h\u00e5llbarhetslistor och m\u00e5nga f\u00f6retag fr\u00e5n Norden ligger h\u00f6gt i ranking inom sina segment. F\u00f6retag, som exponeras f\u00f6r l\u00e4ttr\u00f6rliga konsumenter tenderar generellt sett att ligga f\u00f6re. Utg\u00e5ngspunkt och f\u00f6ruts\u00e4ttningar skiljer sig radikalt, liksom vilka h\u00e5llbarhetsm\u00e5l som prioriteras. Det \u00e4r flera f\u00f6retag jag skulle vilja lyfta fram, men gemensamt f\u00f6r alla \u00e4r att det mesta av resan \u00e5terst\u00e5r. Att var pionj\u00e4r inneh\u00e5ller alltid risk, precis som alla investeringar i n\u00e5got nytt.&nbsp; &nbsp; &nbsp; &nbsp;&nbsp;<\/span><\/p>\n<p><b>5. I Stockholm den 2 \u2013 3 oktober \u00e4r det representanter fr\u00e5n f\u00f6rpacknings- och logistikf\u00f6retag, hur ser du p\u00e5 de branscherna och deras resa f\u00f6r h\u00e5llbarhet?&nbsp;<br><\/b><span style=\"font-size: 15px\">F\u00f6rpacknings- och logistikbranschen \u00e4r integrerade med de branscher de betj\u00e4nar. Deras h\u00e5llbarhetsresa bed\u00f6ms d\u00e4rf\u00f6r b\u00e4st, som en del av denna helhet. V\u00e5rt konsumtionssamh\u00e4lle klarar sig inte utan f\u00f6rpackningar. En \u00f6kad e-handel kr\u00e4ver mer transporter. Svensk Dagligvaruhandel har satt m\u00e5let att alla plastf\u00f6rpackningar ska vara producerade av f\u00f6rnybar eller \u00e5tervunnen r\u00e5vara 2030, dessutom material\u00e5tervinningsbara 2022. \u00c5kerin\u00e4ringen har m\u00e5let att minska CO2 med 70 % till 2030. Det \u00e4r offensiva m\u00e5l f\u00f6r en h\u00e5llbar framtid.&nbsp; &nbsp;&nbsp;<\/span><\/p>\n<\/div>\n<\/div>\t\t\t\t\t\t\t\t<\/div>\n\t\t\t\t<\/div>\n\t\t\t\t<div class=\"elementor-element elementor-element-f7693e1 elementor-widget elementor-widget-button\" data-id=\"f7693e1\" data-element_type=\"widget\" data-widget_type=\"button.default\">\n\t\t\t\t<div class=\"elementor-widget-container\">\n\t\t\t\t\t\t\t\t\t<div class=\"elementor-button-wrapper\">\n\t\t\t\t\t<a class=\"elementor-button elementor-button-link elementor-size-sm\" href=\"https:\/\/www.empacksthlm.se\/sv\/blogg\/\">\n\t\t\t\t\t\t<span class=\"elementor-button-content-wrapper\">\n\t\t\t\t\t\t<span class=\"elementor-button-icon\">\n\t\t\t\t<i aria-hidden=\"true\" class=\"fas fa-angle-double-left\"><\/i>\t\t\t<\/span>\n\t\t\t\t\t\t\t\t\t<span class=\"elementor-button-text\">Tillbaka till bloggen<\/span>\n\t\t\t\t\t<\/span>\n\t\t\t\t\t<\/a>\n\t\t\t\t<\/div>\n\t\t\t\t\t\t\t\t<\/div>\n\t\t\t\t<\/div>\n\t\t\t\t\t<\/div>\n\t\t<\/div>\n\t\t\t\t<div class=\"elementor-column elementor-col-33 elementor-top-column elementor-element elementor-element-b5cfdf9\" data-id=\"b5cfdf9\" data-element_type=\"column\">\n\t\t\t<div class=\"elementor-widget-wrap elementor-element-populated\">\n\t\t\t\t\t\t<div class=\"elementor-element elementor-element-882056d elementor-widget elementor-widget-heading\" data-id=\"882056d\" data-element_type=\"widget\" data-widget_type=\"heading.default\">\n\t\t\t\t<div class=\"elementor-widget-container\">\n\t\t\t\t\t<h4 class=\"elementor-heading-title elementor-size-default\">Dela inl\u00e4gget i dina sociala medier<\/h4>\t\t\t\t<\/div>\n\t\t\t\t<\/div>\n\t\t\t\t<div class=\"elementor-element elementor-element-3d98a6f elementor-share-buttons--view-icon elementor-share-buttons--color-custom elementor-share-buttons--skin-minimal elementor-share-buttons--shape-square elementor-grid-0 elementor-widget elementor-widget-share-buttons\" data-id=\"3d98a6f\" data-element_type=\"widget\" data-widget_type=\"share-buttons.default\">\n\t\t\t\t<div class=\"elementor-widget-container\">\n\t\t\t\t\t\t\t<div class=\"elementor-grid\" role=\"list\">\n\t\t\t\t\t\t\t\t<div class=\"elementor-grid-item\" role=\"listitem\">\n\t\t\t\t\t\t<div class=\"elementor-share-btn elementor-share-btn_facebook\" role=\"button\" tabindex=\"0\" aria-label=\"Share on facebook\">\n\t\t\t\t\t\t\t\t\t\t\t\t\t\t\t<span class=\"elementor-share-btn__icon\">\n\t\t\t\t\t\t\t\t<i class=\"fab fa-facebook\" aria-hidden=\"true\"><\/i>\t\t\t\t\t\t\t<\/span>\n\t\t\t\t\t\t\t\t\t\t\t\t\t\t\t\t\t\t\t\t<\/div>\n\t\t\t\t\t<\/div>\n\t\t\t\t\t\t\t\t\t<div class=\"elementor-grid-item\" role=\"listitem\">\n\t\t\t\t\t\t<div class=\"elementor-share-btn elementor-share-btn_linkedin\" role=\"button\" tabindex=\"0\" aria-label=\"Share on linkedin\">\n\t\t\t\t\t\t\t\t\t\t\t\t\t\t\t<span class=\"elementor-share-btn__icon\">\n\t\t\t\t\t\t\t\t<i class=\"fab fa-linkedin\" aria-hidden=\"true\"><\/i>\t\t\t\t\t\t\t<\/span>\n\t\t\t\t\t\t\t\t\t\t\t\t\t\t\t\t\t\t\t\t<\/div>\n\t\t\t\t\t<\/div>\n\t\t\t\t\t\t<\/div>\n\t\t\t\t\t\t<\/div>\n\t\t\t\t<\/div>\n\t\t\t\t<div class=\"elementor-element elementor-element-648b000 elementor-widget elementor-widget-heading\" data-id=\"648b000\" data-element_type=\"widget\" data-widget_type=\"heading.default\">\n\t\t\t\t<div class=\"elementor-widget-container\">\n\t\t\t\t\t<h4 class=\"elementor-heading-title elementor-size-default\">Senaste:<\/h4>\t\t\t\t<\/div>\n\t\t\t\t<\/div>\n\t\t\t\t<div class=\"elementor-element elementor-element-704b909 elementor-grid-1 elementor-posts--thumbnail-left elementor-grid-tablet-2 elementor-grid-mobile-1 elementor-widget elementor-widget-posts\" data-id=\"704b909\" data-element_type=\"widget\" data-settings=\"{&quot;classic_columns&quot;:&quot;1&quot;,&quot;classic_row_gap&quot;:{&quot;unit&quot;:&quot;px&quot;,&quot;size&quot;:&quot;20&quot;,&quot;sizes&quot;:[]},&quot;classic_columns_tablet&quot;:&quot;2&quot;,&quot;classic_columns_mobile&quot;:&quot;1&quot;,&quot;classic_row_gap_tablet&quot;:{&quot;unit&quot;:&quot;px&quot;,&quot;size&quot;:&quot;&quot;,&quot;sizes&quot;:[]},&quot;classic_row_gap_mobile&quot;:{&quot;unit&quot;:&quot;px&quot;,&quot;size&quot;:&quot;&quot;,&quot;sizes&quot;:[]}}\" data-widget_type=\"posts.classic\">\n\t\t\t\t<div class=\"elementor-widget-container\">\n\t\t\t\t\t\t\t<div class=\"elementor-posts-container elementor-posts elementor-posts--skin-classic elementor-grid\" role=\"list\">\n\t\t\t\t<article class=\"elementor-post elementor-grid-item post-27930 post type-post status-publish format-standard has-post-thumbnail hentry category-nyhet\" role=\"listitem\">\n\t\t\t\t<a class=\"elementor-post__thumbnail__link\" href=\"https:\/\/www.empacksthlm.se\/sv\/2026\/04\/29\/fjarde-fokusomradet-for-empack-stockholm-2026-goods-in-motion\/\" tabindex=\"-1\" >\n\t\t\t<div class=\"elementor-post__thumbnail\"><img decoding=\"async\" width=\"300\" height=\"169\" src=\"https:\/\/easyfairsassets.com\/sites\/125\/2026\/04\/Fokusomraden2026goodsinmotion-300x169.jpg\" class=\"attachment-medium size-medium wp-image-27913\" alt=\"\" srcset=\"https:\/\/easyfairsassets.com\/sites\/125\/2026\/04\/Fokusomraden2026goodsinmotion-300x169.jpg 300w, https:\/\/easyfairsassets.com\/sites\/125\/2026\/04\/Fokusomraden2026goodsinmotion-1024x576.jpg 1024w, https:\/\/easyfairsassets.com\/sites\/125\/2026\/04\/Fokusomraden2026goodsinmotion-768x432.jpg 768w, https:\/\/easyfairsassets.com\/sites\/125\/2026\/04\/Fokusomraden2026goodsinmotion-1536x864.jpg 1536w, https:\/\/easyfairsassets.com\/sites\/125\/2026\/04\/Fokusomraden2026goodsinmotion.jpg 1920w\" sizes=\"(max-width: 300px) 100vw, 300px\" \/><\/div>\n\t\t<\/a>\n\t\t\t\t<div class=\"elementor-post__text\">\n\t\t\t\t<h3 class=\"elementor-post__title\">\n\t\t\t<a href=\"https:\/\/www.empacksthlm.se\/sv\/2026\/04\/29\/fjarde-fokusomradet-for-empack-stockholm-2026-goods-in-motion\/\" >\n\t\t\t\tFj\u00e4rde fokusomr\u00e5det f\u00f6r Empack Stockholm 2026: Goods in Motion\t\t\t<\/a>\n\t\t<\/h3>\n\t\t\n\t\t<a class=\"elementor-post__read-more\" href=\"https:\/\/www.empacksthlm.se\/sv\/2026\/04\/29\/fjarde-fokusomradet-for-empack-stockholm-2026-goods-in-motion\/\" aria-label=\"Read more about Fj\u00e4rde fokusomr\u00e5det f\u00f6r Empack Stockholm 2026: Goods in Motion\" tabindex=\"-1\" >\n\t\t\tL\u00e4s mer \u00bb\t\t<\/a>\n\n\t\t\t\t<\/div>\n\t\t\t\t<\/article>\n\t\t\t\t<article class=\"elementor-post elementor-grid-item post-27876 post type-post status-publish format-standard has-post-thumbnail hentry category-nyhet\" role=\"listitem\">\n\t\t\t\t<a class=\"elementor-post__thumbnail__link\" href=\"https:\/\/www.empacksthlm.se\/sv\/2026\/04\/27\/elementor-27876\/\" tabindex=\"-1\" >\n\t\t\t<div class=\"elementor-post__thumbnail\"><img decoding=\"async\" width=\"300\" height=\"169\" src=\"https:\/\/easyfairsassets.com\/sites\/125\/2026\/04\/Fokusomraden2026PP-300x169.jpg\" class=\"attachment-medium size-medium wp-image-27883\" alt=\"fokusomr\u00e5dePP26\" srcset=\"https:\/\/easyfairsassets.com\/sites\/125\/2026\/04\/Fokusomraden2026PP-300x169.jpg 300w, https:\/\/easyfairsassets.com\/sites\/125\/2026\/04\/Fokusomraden2026PP-1024x576.jpg 1024w, https:\/\/easyfairsassets.com\/sites\/125\/2026\/04\/Fokusomraden2026PP-768x432.jpg 768w, https:\/\/easyfairsassets.com\/sites\/125\/2026\/04\/Fokusomraden2026PP-1536x864.jpg 1536w, https:\/\/easyfairsassets.com\/sites\/125\/2026\/04\/Fokusomraden2026PP.jpg 1920w\" sizes=\"(max-width: 300px) 100vw, 300px\" \/><\/div>\n\t\t<\/a>\n\t\t\t\t<div class=\"elementor-post__text\">\n\t\t\t\t<h3 class=\"elementor-post__title\">\n\t\t\t<a href=\"https:\/\/www.empacksthlm.se\/sv\/2026\/04\/27\/elementor-27876\/\" >\n\t\t\t\tTredje fokusomr\u00e5det f\u00f6r\u00a0Empack\u00a0Stockholm 2026:\u00a0Packaging\u00a0that\u00a0performs\t\t\t<\/a>\n\t\t<\/h3>\n\t\t\n\t\t<a class=\"elementor-post__read-more\" href=\"https:\/\/www.empacksthlm.se\/sv\/2026\/04\/27\/elementor-27876\/\" aria-label=\"Read more about Tredje fokusomr\u00e5det f\u00f6r\u00a0Empack\u00a0Stockholm 2026:\u00a0Packaging\u00a0that\u00a0performs\" tabindex=\"-1\" >\n\t\t\tL\u00e4s mer \u00bb\t\t<\/a>\n\n\t\t\t\t<\/div>\n\t\t\t\t<\/article>\n\t\t\t\t<article class=\"elementor-post elementor-grid-item post-27859 post type-post status-publish format-standard has-post-thumbnail hentry category-nyhet\" role=\"listitem\">\n\t\t\t\t<a class=\"elementor-post__thumbnail__link\" href=\"https:\/\/www.empacksthlm.se\/sv\/2026\/04\/23\/andra-fokusomradet-for-empack-stockholm-2026-food-bevarage\/\" tabindex=\"-1\" >\n\t\t\t<div class=\"elementor-post__thumbnail\"><img loading=\"lazy\" decoding=\"async\" width=\"300\" height=\"169\" src=\"https:\/\/easyfairsassets.com\/sites\/125\/2026\/04\/Fokusomraden2026FB-300x169.jpg\" class=\"attachment-medium size-medium wp-image-27863\" alt=\"FB\" srcset=\"https:\/\/easyfairsassets.com\/sites\/125\/2026\/04\/Fokusomraden2026FB-300x169.jpg 300w, https:\/\/easyfairsassets.com\/sites\/125\/2026\/04\/Fokusomraden2026FB-1024x576.jpg 1024w, https:\/\/easyfairsassets.com\/sites\/125\/2026\/04\/Fokusomraden2026FB-768x432.jpg 768w, https:\/\/easyfairsassets.com\/sites\/125\/2026\/04\/Fokusomraden2026FB-1536x864.jpg 1536w, https:\/\/easyfairsassets.com\/sites\/125\/2026\/04\/Fokusomraden2026FB.jpg 1920w\" sizes=\"(max-width: 300px) 100vw, 300px\" \/><\/div>\n\t\t<\/a>\n\t\t\t\t<div class=\"elementor-post__text\">\n\t\t\t\t<h3 class=\"elementor-post__title\">\n\t\t\t<a href=\"https:\/\/www.empacksthlm.se\/sv\/2026\/04\/23\/andra-fokusomradet-for-empack-stockholm-2026-food-bevarage\/\" >\n\t\t\t\tAndra fokusomr\u00e5det f\u00f6r Empack Stockholm 2026: Food &amp; Bevarage\t\t\t<\/a>\n\t\t<\/h3>\n\t\t\n\t\t<a class=\"elementor-post__read-more\" href=\"https:\/\/www.empacksthlm.se\/sv\/2026\/04\/23\/andra-fokusomradet-for-empack-stockholm-2026-food-bevarage\/\" aria-label=\"Read more about Andra fokusomr\u00e5det f\u00f6r Empack Stockholm 2026: Food &amp; Bevarage\" tabindex=\"-1\" >\n\t\t\tL\u00e4s mer \u00bb\t\t<\/a>\n\n\t\t\t\t<\/div>\n\t\t\t\t<\/article>\n\t\t\t\t<\/div>\n\t\t\n\t\t\t\t\t\t<\/div>\n\t\t\t\t<\/div>\n\t\t\t\t\t<\/div>\n\t\t<\/div>\n\t\t\t\t\t<\/div>\n\t\t<\/section>\n\t\t\t\t<section class=\"elementor-section elementor-top-section elementor-element elementor-element-af23689 elementor-hidden-phone elementor-section-boxed elementor-section-height-default elementor-section-height-default\" data-id=\"af23689\" data-element_type=\"section\" data-settings=\"{&quot;background_background&quot;:&quot;classic&quot;}\">\n\t\t\t\t\t\t<div class=\"elementor-container elementor-column-gap-default\">\n\t\t\t\t\t<div class=\"elementor-column elementor-col-100 elementor-top-column elementor-element elementor-element-5c4256d\" data-id=\"5c4256d\" data-element_type=\"column\">\n\t\t\t<div class=\"elementor-widget-wrap\">\n\t\t\t\t\t\t\t<\/div>\n\t\t<\/div>\n\t\t\t\t\t<\/div>\n\t\t<\/section>\n\t\t\t\t<\/div>\n\t\t","protected":false},"excerpt":{"rendered":"<p>H\u00e5llbarhet handlar om helhet Per Stefan Gersbo om h\u00e5llbart f\u00f6retagande Per Stefan Gersbo \u00e4r en van moderator med bred erfarenhet. Flera g\u00e5nger har han tagit<\/p>\n","protected":false},"author":19,"featured_media":887,"comment_status":"closed","ping_status":"closed","sticky":false,"template":"elementor_header_footer","format":"standard","meta":{"_seopress_robots_primary_cat":"none","_seopress_titles_title":"Det \u00e4r dags att inse - h\u00e5llbarhet handlar om helhet","_seopress_titles_desc":"Det finns m\u00e4ngder med fr\u00e5gor n\u00e4r det kommer till h\u00e5llbarhet, och f\u00f6r m\u00e5nga \u00e5terst\u00e5r det mesta av jobbet - det \u00e4r dags att b\u00f6rja t\u00e4nka helhet!","_seopress_robots_index":"","footnotes":""},"categories":[264],"tags":[],"edition":[],"class_list":["post-876","post","type-post","status-publish","format-standard","has-post-thumbnail","hentry","category-hallbarhet"],"_links":{"self":[{"href":"https:\/\/www.empacksthlm.se\/sv\/wp-json\/wp\/v2\/posts\/876","targetHints":{"allow":["GET"]}}],"collection":[{"href":"https:\/\/www.empacksthlm.se\/sv\/wp-json\/wp\/v2\/posts"}],"about":[{"href":"https:\/\/www.empacksthlm.se\/sv\/wp-json\/wp\/v2\/types\/post"}],"author":[{"embeddable":true,"href":"https:\/\/www.empacksthlm.se\/sv\/wp-json\/wp\/v2\/users\/19"}],"replies":[{"embeddable":true,"href":"https:\/\/www.empacksthlm.se\/sv\/wp-json\/wp\/v2\/comments?post=876"}],"version-history":[{"count":0,"href":"https:\/\/www.empacksthlm.se\/sv\/wp-json\/wp\/v2\/posts\/876\/revisions"}],"wp:featuredmedia":[{"embeddable":true,"href":"https:\/\/www.empacksthlm.se\/sv\/wp-json\/wp\/v2\/media\/887"}],"wp:attachment":[{"href":"https:\/\/www.empacksthlm.se\/sv\/wp-json\/wp\/v2\/media?parent=876"}],"wp:term":[{"taxonomy":"category","embeddable":true,"href":"https:\/\/www.empacksthlm.se\/sv\/wp-json\/wp\/v2\/categories?post=876"},{"taxonomy":"post_tag","embeddable":true,"href":"https:\/\/www.empacksthlm.se\/sv\/wp-json\/wp\/v2\/tags?post=876"},{"taxonomy":"edition","embeddable":true,"href":"https:\/\/www.empacksthlm.se\/sv\/wp-json\/wp\/v2\/edition?post=876"}],"curies":[{"name":"wp","href":"https:\/\/api.w.org\/{rel}","templated":true}]}}