{"id":850,"date":"2019-11-15T10:45:09","date_gmt":"2019-11-15T09:45:09","guid":{"rendered":"https:\/\/www.empacksthlm.se\/?p=850"},"modified":"2020-04-20T09:19:43","modified_gmt":"2020-04-20T07:19:43","slug":"stora-enso-om-strategin-for-att-mota-klimathotet","status":"publish","type":"post","link":"https:\/\/www.empacksthlm.se\/sv\/2019\/11\/15\/stora-enso-om-strategin-for-att-mota-klimathotet\/","title":{"rendered":"Stora Enso om strategin f\u00f6r att m\u00f6ta klimathotet"},"content":{"rendered":"\t\t<div data-elementor-type=\"wp-post\" data-elementor-id=\"850\" class=\"elementor elementor-850\" data-elementor-post-type=\"post\">\n\t\t\t\t\t\t<section class=\"elementor-section elementor-top-section elementor-element elementor-element-390fef9 elementor-section-boxed elementor-section-height-default elementor-section-height-default\" data-id=\"390fef9\" data-element_type=\"section\" data-settings=\"{&quot;background_background&quot;:&quot;classic&quot;,&quot;shape_divider_bottom&quot;:&quot;tilt&quot;}\">\n\t\t\t\t\t\t\t<div class=\"elementor-background-overlay\"><\/div>\n\t\t\t\t\t\t<div class=\"elementor-shape elementor-shape-bottom\" aria-hidden=\"true\" data-negative=\"false\">\n\t\t\t<svg xmlns=\"http:\/\/www.w3.org\/2000\/svg\" viewBox=\"0 0 1000 100\" preserveAspectRatio=\"none\">\n\t<path class=\"elementor-shape-fill\" d=\"M0,6V0h1000v100L0,6z\"\/>\n<\/svg>\t\t<\/div>\n\t\t\t\t\t<div class=\"elementor-container elementor-column-gap-default\">\n\t\t\t\t\t<div class=\"elementor-column elementor-col-100 elementor-top-column elementor-element elementor-element-365a824\" data-id=\"365a824\" data-element_type=\"column\">\n\t\t\t<div class=\"elementor-widget-wrap elementor-element-populated\">\n\t\t\t\t\t\t<div class=\"elementor-element elementor-element-fdec4dd elementor-widget elementor-widget-heading\" data-id=\"fdec4dd\" data-element_type=\"widget\" data-widget_type=\"heading.default\">\n\t\t\t\t<div class=\"elementor-widget-container\">\n\t\t\t\t\t<h1 class=\"elementor-heading-title elementor-size-default\">Stora Enso om strategin f\u00f6r att m\u00f6ta klimathotet<\/h1>\t\t\t\t<\/div>\n\t\t\t\t<\/div>\n\t\t\t\t\t<\/div>\n\t\t<\/div>\n\t\t\t\t\t<\/div>\n\t\t<\/section>\n\t\t\t\t<section class=\"elementor-section elementor-top-section elementor-element elementor-element-390247e elementor-section-boxed elementor-section-height-default elementor-section-height-default\" data-id=\"390247e\" data-element_type=\"section\">\n\t\t\t\t\t\t<div class=\"elementor-container elementor-column-gap-default\">\n\t\t\t\t\t<div class=\"elementor-column elementor-col-66 elementor-top-column elementor-element elementor-element-f9904e4\" data-id=\"f9904e4\" data-element_type=\"column\" data-settings=\"{&quot;background_background&quot;:&quot;classic&quot;}\">\n\t\t\t<div class=\"elementor-widget-wrap elementor-element-populated\">\n\t\t\t\t\t\t<div class=\"elementor-element elementor-element-920fa6a elementor-widget elementor-widget-theme-post-featured-image elementor-widget-image\" data-id=\"920fa6a\" data-element_type=\"widget\" data-widget_type=\"theme-post-featured-image.default\">\n\t\t\t\t<div class=\"elementor-widget-container\">\n\t\t\t\t\t\t\t\t\t\t\t\t\t\t\t<img fetchpriority=\"high\" decoding=\"async\" width=\"662\" height=\"1024\" src=\"https:\/\/easyfairsassets.com\/sites\/125\/2019\/11\/Per-Lyrvall-662x1024.jpg\" class=\"attachment-large size-large wp-image-869\" alt=\"Per Lyrvall, Sverige Chef Stora Enso\" srcset=\"https:\/\/easyfairsassets.com\/sites\/125\/2019\/11\/Per-Lyrvall-662x1024.jpg 662w, https:\/\/easyfairsassets.com\/sites\/125\/2019\/11\/Per-Lyrvall-194x300.jpg 194w, https:\/\/easyfairsassets.com\/sites\/125\/2019\/11\/Per-Lyrvall.jpg 672w\" sizes=\"(max-width: 662px) 100vw, 662px\" \/>\t\t\t\t\t\t\t\t\t\t\t\t\t\t\t<\/div>\n\t\t\t\t<\/div>\n\t\t\t\t<div class=\"elementor-element elementor-element-6c1f828 elementor-widget elementor-widget-heading\" data-id=\"6c1f828\" data-element_type=\"widget\" data-widget_type=\"heading.default\">\n\t\t\t\t<div class=\"elementor-widget-container\">\n\t\t\t\t\t<h2 class=\"elementor-heading-title elementor-size-default\">Dra l\u00e4rdom av Stora Enso - <br>H\u00e4r \u00e4r strategin som m\u00f6ter klimathotet<\/h2>\t\t\t\t<\/div>\n\t\t\t\t<\/div>\n\t\t\t\t<div class=\"elementor-element elementor-element-9ba80d0 elementor-widget-divider--view-line elementor-widget elementor-widget-divider\" data-id=\"9ba80d0\" data-element_type=\"widget\" data-widget_type=\"divider.default\">\n\t\t\t\t<div class=\"elementor-widget-container\">\n\t\t\t\t\t\t\t<div class=\"elementor-divider\">\n\t\t\t<span class=\"elementor-divider-separator\">\n\t\t\t\t\t\t<\/span>\n\t\t<\/div>\n\t\t\t\t\t\t<\/div>\n\t\t\t\t<\/div>\n\t\t\t\t<div class=\"elementor-element elementor-element-2eaaf5c7 elementor-widget elementor-widget-text-editor\" data-id=\"2eaaf5c7\" data-element_type=\"widget\" data-widget_type=\"text-editor.default\">\n\t\t\t\t<div class=\"elementor-widget-container\">\n\t\t\t\t\t\t\t\t\t\n<p><strong>Empack har tr\u00e4ffat Per Lyrvall, Sverigechef, Stora Enso f\u00f6r n\u00e5gra v\u00e4l valda fr\u00e5gor om f\u00f6retagets arbete f\u00f6r h\u00e5llbarhet. Att v\u00e4lja vilka m\u00e5l inom h\u00e5llbarhet som ska prioriteras och v\u00e4rderas h\u00f6gt p\u00e5 dagordningen kan vara sv\u00e5rt f\u00f6r vissa f\u00f6retag men f\u00f6r Stora Enso \u00e4r det navet f\u00f6r hela businessen. Som Per Lyrvall sj\u00e4lv uttrycker det\u00a0<em>&#8221;H\u00e5llbarhet \u00e4r hela v\u00e5r aff\u00e4r&#8221;<\/em>. Stora Enso har ett aktivt arbete f\u00f6r att bidra till v\u00e4rldens klimatf\u00f6r\u00e4ndringar &#8211; dra l\u00e4rdom om hur deras arbete fram\u00e5t ser ut.\u00a0<\/strong><\/p>\n\n<p><strong>1.Vilka milj\u00f6fr\u00e5gor \u00e4r viktigast f\u00f6r er och varf\u00f6r har ni valt att fokusera p\u00e5 dem?\u00a0<\/strong><\/p>\n\n<p>Vi st\u00f6der samtliga av FN:s globala m\u00e5l f\u00f6r h\u00e5llbar utveckling men har valt att fokusera p\u00e5 tre av m\u00e5len; nr 12 H\u00e5llbar konsumtion och produktion, nr 13 Bek\u00e4mpa klimatf\u00f6r\u00e4ndringen och nr 15 Ekosystem och biologisk m\u00e5ngfald. Vi har valt att prioritera dessa tre m\u00e5l eftersom de \u00e4r n\u00e4rmast v\u00e5r k\u00e4rnverksamhet och vi ser att det \u00e4r d\u00e4r vi kan g\u00f6ra mest skillnad.<\/p>\n\n<p><strong>2.Rubriken p\u00e5 debatten du ska delta i \u00e4r \u201dGoda aff\u00e4rer och h\u00e5llbarhet \u2013 hur g\u00e5r det ihop?\u201d\u00a0Tycker du det \u00e4r en sv\u00e5r ekvation?\u00a0<\/strong><\/p>\n\n<p>H\u00e5llbarhet \u00e4r hela v\u00e5r aff\u00e4r. Idag \u00e4r h\u00e5llbarhet en f\u00f6ruts\u00e4ttning f\u00f6r sj\u00e4lva aff\u00e4ren. S\u00e5 f\u00f6r oss \u00e4r det ingen sv\u00e5r ekvation.<\/p>\n\n<p><strong>3.Finns det n\u00e5got som utm\u00e4rker Stora Enso n\u00e4r det g\u00e4ller h\u00e5llbarutveckling?<\/strong><\/p>\n\n<p>Vi \u00e4r ledande och driver p\u00e5 utvecklingen av bioekonomin. H\u00e5llbarhet och innovation \u00e4r fundamenten f\u00f6r hela v\u00e5r aff\u00e4rsid\u00e9. Allt bygger p\u00e5 v\u00e5r f\u00f6rnybara r\u00e5vara skogen som vi vidaref\u00f6r\u00e4dlar i n\u00e4stintill fossilfria tillverkningsprocesser till klimatsmarta material, som kan ers\u00e4tta fossilbaserade produkter.\u00a0<\/p>\n\n<p><strong>4.Vad har ni f\u00f6r m\u00e5ls\u00e4ttning fram\u00e5t, var \u00e4r ni om 10 \u00e5r?<\/strong><\/p>\n\n<p>Om 10 \u00e5r har kommit vi kommit l\u00e4ngre \u00e4n var vi befinner oss idag, tack vare v\u00e5ra satsningar p\u00e5 innovation s\u00e5 har vi utvecklat \u00e4nnu fler h\u00e5llbara l\u00f6sningar som bidrar till att l\u00f6sa v\u00e4rldens klimatutmaningar. M\u00e5ls\u00e4ttningen \u00e4r att hela tiden utvecklas och bli ett \u00e4nnu b\u00e4ttre. Vi har mycket kvar att g\u00f6ra och man beh\u00f6ver vara \u00f6dmjuk. Det h\u00e4r \u00e4r en resa och det viktigaste \u00e4r att alltid ha ambitionen att st\u00e4ndig vilja utveckla och f\u00f6rb\u00e4ttra sig som f\u00f6retag.\u00a0<\/p>\n\t\t\t\t\t\t\t\t<\/div>\n\t\t\t\t<\/div>\n\t\t\t\t<div class=\"elementor-element elementor-element-fe7c6ed elementor-widget elementor-widget-button\" data-id=\"fe7c6ed\" data-element_type=\"widget\" data-widget_type=\"button.default\">\n\t\t\t\t<div class=\"elementor-widget-container\">\n\t\t\t\t\t\t\t\t\t<div class=\"elementor-button-wrapper\">\n\t\t\t\t\t<a class=\"elementor-button elementor-button-link elementor-size-sm\" href=\"https:\/\/www.empacksthlm.se\/sv\/blogg\/\">\n\t\t\t\t\t\t<span class=\"elementor-button-content-wrapper\">\n\t\t\t\t\t\t<span class=\"elementor-button-icon\">\n\t\t\t\t<i aria-hidden=\"true\" class=\"fas fa-angle-double-left\"><\/i>\t\t\t<\/span>\n\t\t\t\t\t\t\t\t\t<span class=\"elementor-button-text\">Tillbaka till bloggen<\/span>\n\t\t\t\t\t<\/span>\n\t\t\t\t\t<\/a>\n\t\t\t\t<\/div>\n\t\t\t\t\t\t\t\t<\/div>\n\t\t\t\t<\/div>\n\t\t\t\t\t<\/div>\n\t\t<\/div>\n\t\t\t\t<div class=\"elementor-column elementor-col-33 elementor-top-column elementor-element elementor-element-7f35e91\" data-id=\"7f35e91\" data-element_type=\"column\">\n\t\t\t<div class=\"elementor-widget-wrap elementor-element-populated\">\n\t\t\t\t\t\t<div class=\"elementor-element elementor-element-8c4c301 elementor-share-buttons--view-icon elementor-share-buttons--color-custom elementor-share-buttons--skin-minimal elementor-share-buttons--shape-square elementor-grid-0 elementor-widget elementor-widget-share-buttons\" data-id=\"8c4c301\" data-element_type=\"widget\" data-widget_type=\"share-buttons.default\">\n\t\t\t\t<div class=\"elementor-widget-container\">\n\t\t\t\t\t\t\t<div class=\"elementor-grid\" role=\"list\">\n\t\t\t\t\t\t\t\t<div class=\"elementor-grid-item\" role=\"listitem\">\n\t\t\t\t\t\t<div class=\"elementor-share-btn elementor-share-btn_facebook\" role=\"button\" tabindex=\"0\" aria-label=\"Share on facebook\">\n\t\t\t\t\t\t\t\t\t\t\t\t\t\t\t<span class=\"elementor-share-btn__icon\">\n\t\t\t\t\t\t\t\t<i class=\"fab fa-facebook\" aria-hidden=\"true\"><\/i>\t\t\t\t\t\t\t<\/span>\n\t\t\t\t\t\t\t\t\t\t\t\t\t\t\t\t\t\t\t\t<\/div>\n\t\t\t\t\t<\/div>\n\t\t\t\t\t\t\t\t\t<div class=\"elementor-grid-item\" role=\"listitem\">\n\t\t\t\t\t\t<div class=\"elementor-share-btn elementor-share-btn_linkedin\" role=\"button\" tabindex=\"0\" aria-label=\"Share on linkedin\">\n\t\t\t\t\t\t\t\t\t\t\t\t\t\t\t<span class=\"elementor-share-btn__icon\">\n\t\t\t\t\t\t\t\t<i class=\"fab fa-linkedin\" aria-hidden=\"true\"><\/i>\t\t\t\t\t\t\t<\/span>\n\t\t\t\t\t\t\t\t\t\t\t\t\t\t\t\t\t\t\t\t<\/div>\n\t\t\t\t\t<\/div>\n\t\t\t\t\t\t<\/div>\n\t\t\t\t\t\t<\/div>\n\t\t\t\t<\/div>\n\t\t\t\t<div class=\"elementor-element elementor-element-a645456 elementor-widget elementor-widget-heading\" data-id=\"a645456\" data-element_type=\"widget\" data-widget_type=\"heading.default\">\n\t\t\t\t<div class=\"elementor-widget-container\">\n\t\t\t\t\t<h4 class=\"elementor-heading-title elementor-size-default\">Senaste:<\/h4>\t\t\t\t<\/div>\n\t\t\t\t<\/div>\n\t\t\t\t<div class=\"elementor-element elementor-element-5f3e68c elementor-grid-1 elementor-posts--thumbnail-left elementor-grid-tablet-2 elementor-grid-mobile-1 elementor-widget elementor-widget-posts\" data-id=\"5f3e68c\" data-element_type=\"widget\" data-settings=\"{&quot;classic_columns&quot;:&quot;1&quot;,&quot;classic_row_gap&quot;:{&quot;unit&quot;:&quot;px&quot;,&quot;size&quot;:&quot;20&quot;,&quot;sizes&quot;:[]},&quot;classic_columns_tablet&quot;:&quot;2&quot;,&quot;classic_columns_mobile&quot;:&quot;1&quot;,&quot;classic_row_gap_tablet&quot;:{&quot;unit&quot;:&quot;px&quot;,&quot;size&quot;:&quot;&quot;,&quot;sizes&quot;:[]},&quot;classic_row_gap_mobile&quot;:{&quot;unit&quot;:&quot;px&quot;,&quot;size&quot;:&quot;&quot;,&quot;sizes&quot;:[]}}\" data-widget_type=\"posts.classic\">\n\t\t\t\t<div class=\"elementor-widget-container\">\n\t\t\t\t\t\t\t<div class=\"elementor-posts-container elementor-posts elementor-posts--skin-classic elementor-grid\" role=\"list\">\n\t\t\t\t<article class=\"elementor-post elementor-grid-item post-27930 post type-post status-publish format-standard has-post-thumbnail hentry category-nyhet\" role=\"listitem\">\n\t\t\t\t<a class=\"elementor-post__thumbnail__link\" href=\"https:\/\/www.empacksthlm.se\/sv\/2026\/04\/29\/fjarde-fokusomradet-for-empack-stockholm-2026-goods-in-motion\/\" tabindex=\"-1\" >\n\t\t\t<div class=\"elementor-post__thumbnail\"><img decoding=\"async\" width=\"300\" height=\"169\" src=\"https:\/\/easyfairsassets.com\/sites\/125\/2026\/04\/Fokusomraden2026goodsinmotion-300x169.jpg\" class=\"attachment-medium size-medium wp-image-27913\" alt=\"\" srcset=\"https:\/\/easyfairsassets.com\/sites\/125\/2026\/04\/Fokusomraden2026goodsinmotion-300x169.jpg 300w, https:\/\/easyfairsassets.com\/sites\/125\/2026\/04\/Fokusomraden2026goodsinmotion-1024x576.jpg 1024w, https:\/\/easyfairsassets.com\/sites\/125\/2026\/04\/Fokusomraden2026goodsinmotion-768x432.jpg 768w, https:\/\/easyfairsassets.com\/sites\/125\/2026\/04\/Fokusomraden2026goodsinmotion-1536x864.jpg 1536w, https:\/\/easyfairsassets.com\/sites\/125\/2026\/04\/Fokusomraden2026goodsinmotion.jpg 1920w\" sizes=\"(max-width: 300px) 100vw, 300px\" \/><\/div>\n\t\t<\/a>\n\t\t\t\t<div class=\"elementor-post__text\">\n\t\t\t\t<h3 class=\"elementor-post__title\">\n\t\t\t<a href=\"https:\/\/www.empacksthlm.se\/sv\/2026\/04\/29\/fjarde-fokusomradet-for-empack-stockholm-2026-goods-in-motion\/\" >\n\t\t\t\tFj\u00e4rde fokusomr\u00e5det f\u00f6r Empack Stockholm 2026: Goods in Motion\t\t\t<\/a>\n\t\t<\/h3>\n\t\t\n\t\t<a class=\"elementor-post__read-more\" href=\"https:\/\/www.empacksthlm.se\/sv\/2026\/04\/29\/fjarde-fokusomradet-for-empack-stockholm-2026-goods-in-motion\/\" aria-label=\"Read more about Fj\u00e4rde fokusomr\u00e5det f\u00f6r Empack Stockholm 2026: Goods in Motion\" tabindex=\"-1\" >\n\t\t\tL\u00e4s mer \u00bb\t\t<\/a>\n\n\t\t\t\t<\/div>\n\t\t\t\t<\/article>\n\t\t\t\t<article class=\"elementor-post elementor-grid-item post-27876 post type-post status-publish format-standard has-post-thumbnail hentry category-nyhet\" role=\"listitem\">\n\t\t\t\t<a class=\"elementor-post__thumbnail__link\" href=\"https:\/\/www.empacksthlm.se\/sv\/2026\/04\/27\/elementor-27876\/\" tabindex=\"-1\" >\n\t\t\t<div class=\"elementor-post__thumbnail\"><img decoding=\"async\" width=\"300\" height=\"169\" src=\"https:\/\/easyfairsassets.com\/sites\/125\/2026\/04\/Fokusomraden2026PP-300x169.jpg\" class=\"attachment-medium size-medium wp-image-27883\" alt=\"fokusomr\u00e5dePP26\" srcset=\"https:\/\/easyfairsassets.com\/sites\/125\/2026\/04\/Fokusomraden2026PP-300x169.jpg 300w, https:\/\/easyfairsassets.com\/sites\/125\/2026\/04\/Fokusomraden2026PP-1024x576.jpg 1024w, https:\/\/easyfairsassets.com\/sites\/125\/2026\/04\/Fokusomraden2026PP-768x432.jpg 768w, https:\/\/easyfairsassets.com\/sites\/125\/2026\/04\/Fokusomraden2026PP-1536x864.jpg 1536w, https:\/\/easyfairsassets.com\/sites\/125\/2026\/04\/Fokusomraden2026PP.jpg 1920w\" sizes=\"(max-width: 300px) 100vw, 300px\" \/><\/div>\n\t\t<\/a>\n\t\t\t\t<div class=\"elementor-post__text\">\n\t\t\t\t<h3 class=\"elementor-post__title\">\n\t\t\t<a href=\"https:\/\/www.empacksthlm.se\/sv\/2026\/04\/27\/elementor-27876\/\" >\n\t\t\t\tTredje fokusomr\u00e5det f\u00f6r\u00a0Empack\u00a0Stockholm 2026:\u00a0Packaging\u00a0that\u00a0performs\t\t\t<\/a>\n\t\t<\/h3>\n\t\t\n\t\t<a class=\"elementor-post__read-more\" href=\"https:\/\/www.empacksthlm.se\/sv\/2026\/04\/27\/elementor-27876\/\" aria-label=\"Read more about Tredje fokusomr\u00e5det f\u00f6r\u00a0Empack\u00a0Stockholm 2026:\u00a0Packaging\u00a0that\u00a0performs\" tabindex=\"-1\" >\n\t\t\tL\u00e4s mer \u00bb\t\t<\/a>\n\n\t\t\t\t<\/div>\n\t\t\t\t<\/article>\n\t\t\t\t<article class=\"elementor-post elementor-grid-item post-27859 post type-post status-publish format-standard has-post-thumbnail hentry category-nyhet\" role=\"listitem\">\n\t\t\t\t<a class=\"elementor-post__thumbnail__link\" href=\"https:\/\/www.empacksthlm.se\/sv\/2026\/04\/23\/andra-fokusomradet-for-empack-stockholm-2026-food-bevarage\/\" tabindex=\"-1\" >\n\t\t\t<div class=\"elementor-post__thumbnail\"><img loading=\"lazy\" decoding=\"async\" width=\"300\" height=\"169\" src=\"https:\/\/easyfairsassets.com\/sites\/125\/2026\/04\/Fokusomraden2026FB-300x169.jpg\" class=\"attachment-medium size-medium wp-image-27863\" alt=\"FB\" srcset=\"https:\/\/easyfairsassets.com\/sites\/125\/2026\/04\/Fokusomraden2026FB-300x169.jpg 300w, https:\/\/easyfairsassets.com\/sites\/125\/2026\/04\/Fokusomraden2026FB-1024x576.jpg 1024w, https:\/\/easyfairsassets.com\/sites\/125\/2026\/04\/Fokusomraden2026FB-768x432.jpg 768w, https:\/\/easyfairsassets.com\/sites\/125\/2026\/04\/Fokusomraden2026FB-1536x864.jpg 1536w, https:\/\/easyfairsassets.com\/sites\/125\/2026\/04\/Fokusomraden2026FB.jpg 1920w\" sizes=\"(max-width: 300px) 100vw, 300px\" \/><\/div>\n\t\t<\/a>\n\t\t\t\t<div class=\"elementor-post__text\">\n\t\t\t\t<h3 class=\"elementor-post__title\">\n\t\t\t<a href=\"https:\/\/www.empacksthlm.se\/sv\/2026\/04\/23\/andra-fokusomradet-for-empack-stockholm-2026-food-bevarage\/\" >\n\t\t\t\tAndra fokusomr\u00e5det f\u00f6r Empack Stockholm 2026: Food &amp; Bevarage\t\t\t<\/a>\n\t\t<\/h3>\n\t\t\n\t\t<a class=\"elementor-post__read-more\" href=\"https:\/\/www.empacksthlm.se\/sv\/2026\/04\/23\/andra-fokusomradet-for-empack-stockholm-2026-food-bevarage\/\" aria-label=\"Read more about Andra fokusomr\u00e5det f\u00f6r Empack Stockholm 2026: Food &amp; Bevarage\" tabindex=\"-1\" >\n\t\t\tL\u00e4s mer \u00bb\t\t<\/a>\n\n\t\t\t\t<\/div>\n\t\t\t\t<\/article>\n\t\t\t\t<\/div>\n\t\t\n\t\t\t\t\t\t<\/div>\n\t\t\t\t<\/div>\n\t\t\t\t\t<\/div>\n\t\t<\/div>\n\t\t\t\t\t<\/div>\n\t\t<\/section>\n\t\t\t\t<section class=\"elementor-section elementor-top-section elementor-element elementor-element-041d921 elementor-hidden-phone elementor-section-boxed elementor-section-height-default elementor-section-height-default\" data-id=\"041d921\" data-element_type=\"section\" data-settings=\"{&quot;background_background&quot;:&quot;classic&quot;}\">\n\t\t\t\t\t\t<div class=\"elementor-container elementor-column-gap-default\">\n\t\t\t\t\t<div class=\"elementor-column elementor-col-100 elementor-top-column elementor-element elementor-element-29b4b55\" data-id=\"29b4b55\" data-element_type=\"column\">\n\t\t\t<div class=\"elementor-widget-wrap\">\n\t\t\t\t\t\t\t<\/div>\n\t\t<\/div>\n\t\t\t\t\t<\/div>\n\t\t<\/section>\n\t\t\t\t<\/div>\n\t\t","protected":false},"excerpt":{"rendered":"<p>Stora Enso om strategin f\u00f6r att m\u00f6ta klimathotet Dra l\u00e4rdom av Stora Enso &#8211; H\u00e4r \u00e4r strategin som m\u00f6ter klimathotet Empack har tr\u00e4ffat Per Lyrvall,<\/p>\n","protected":false},"author":19,"featured_media":869,"comment_status":"closed","ping_status":"closed","sticky":false,"template":"elementor_header_footer","format":"standard","meta":{"_seopress_robots_primary_cat":"none","_seopress_titles_title":"Stora Enso om strategin f\u00f6r att m\u00f6ta klimathotet","_seopress_titles_desc":"Empack har tr\u00e4ffat Per Lyrvall, Sverigechef, Stora Enso f\u00f6r n\u00e5gra v\u00e4l valda fr\u00e5gor om f\u00f6retagets arbete f\u00f6r h\u00e5llbarhet. ","_seopress_robots_index":"","footnotes":""},"categories":[264],"tags":[],"edition":[],"class_list":["post-850","post","type-post","status-publish","format-standard","has-post-thumbnail","hentry","category-hallbarhet"],"_links":{"self":[{"href":"https:\/\/www.empacksthlm.se\/sv\/wp-json\/wp\/v2\/posts\/850","targetHints":{"allow":["GET"]}}],"collection":[{"href":"https:\/\/www.empacksthlm.se\/sv\/wp-json\/wp\/v2\/posts"}],"about":[{"href":"https:\/\/www.empacksthlm.se\/sv\/wp-json\/wp\/v2\/types\/post"}],"author":[{"embeddable":true,"href":"https:\/\/www.empacksthlm.se\/sv\/wp-json\/wp\/v2\/users\/19"}],"replies":[{"embeddable":true,"href":"https:\/\/www.empacksthlm.se\/sv\/wp-json\/wp\/v2\/comments?post=850"}],"version-history":[{"count":0,"href":"https:\/\/www.empacksthlm.se\/sv\/wp-json\/wp\/v2\/posts\/850\/revisions"}],"wp:featuredmedia":[{"embeddable":true,"href":"https:\/\/www.empacksthlm.se\/sv\/wp-json\/wp\/v2\/media\/869"}],"wp:attachment":[{"href":"https:\/\/www.empacksthlm.se\/sv\/wp-json\/wp\/v2\/media?parent=850"}],"wp:term":[{"taxonomy":"category","embeddable":true,"href":"https:\/\/www.empacksthlm.se\/sv\/wp-json\/wp\/v2\/categories?post=850"},{"taxonomy":"post_tag","embeddable":true,"href":"https:\/\/www.empacksthlm.se\/sv\/wp-json\/wp\/v2\/tags?post=850"},{"taxonomy":"edition","embeddable":true,"href":"https:\/\/www.empacksthlm.se\/sv\/wp-json\/wp\/v2\/edition?post=850"}],"curies":[{"name":"wp","href":"https:\/\/api.w.org\/{rel}","templated":true}]}}