{"id":2048,"date":"2020-03-23T12:16:06","date_gmt":"2020-03-23T11:16:06","guid":{"rendered":"https:\/\/www.empacksthlm.se\/?p=2048"},"modified":"2020-05-07T11:00:54","modified_gmt":"2020-05-07T09:00:54","slug":"talents-4-future-empack-initierar-ny-tavling-for-unga-talanger","status":"publish","type":"post","link":"https:\/\/www.empacksthlm.se\/sv\/2020\/03\/23\/talents-4-future-empack-initierar-ny-tavling-for-unga-talanger\/","title":{"rendered":"Talents 4 Future \u2013 Empack initierar ny t\u00e4vling f\u00f6r unga talanger"},"content":{"rendered":"\t\t<div data-elementor-type=\"wp-post\" data-elementor-id=\"2048\" class=\"elementor elementor-2048\" data-elementor-post-type=\"post\">\n\t\t\t\t\t\t<section class=\"elementor-section elementor-top-section elementor-element elementor-element-af9f3ce elementor-section-boxed elementor-section-height-default elementor-section-height-default\" data-id=\"af9f3ce\" data-element_type=\"section\" data-settings=\"{&quot;background_background&quot;:&quot;classic&quot;,&quot;shape_divider_bottom&quot;:&quot;tilt&quot;}\">\n\t\t\t\t\t\t\t<div class=\"elementor-background-overlay\"><\/div>\n\t\t\t\t\t\t<div class=\"elementor-shape elementor-shape-bottom\" aria-hidden=\"true\" data-negative=\"false\">\n\t\t\t<svg xmlns=\"http:\/\/www.w3.org\/2000\/svg\" viewBox=\"0 0 1000 100\" preserveAspectRatio=\"none\">\n\t<path class=\"elementor-shape-fill\" d=\"M0,6V0h1000v100L0,6z\"\/>\n<\/svg>\t\t<\/div>\n\t\t\t\t\t<div class=\"elementor-container elementor-column-gap-default\">\n\t\t\t\t\t<div class=\"elementor-column elementor-col-100 elementor-top-column elementor-element elementor-element-e5a0235\" data-id=\"e5a0235\" data-element_type=\"column\">\n\t\t\t<div class=\"elementor-widget-wrap elementor-element-populated\">\n\t\t\t\t\t\t<div class=\"elementor-element elementor-element-3006521 elementor-widget elementor-widget-heading\" data-id=\"3006521\" data-element_type=\"widget\" data-widget_type=\"heading.default\">\n\t\t\t\t<div class=\"elementor-widget-container\">\n\t\t\t\t\t<h1 class=\"elementor-heading-title elementor-size-default\">Talents 4 Future \u2013 Empack initierar ny t\u00e4vling f\u00f6r unga talanger<\/h1>\t\t\t\t<\/div>\n\t\t\t\t<\/div>\n\t\t\t\t\t<\/div>\n\t\t<\/div>\n\t\t\t\t\t<\/div>\n\t\t<\/section>\n\t\t\t\t<section class=\"elementor-section elementor-top-section elementor-element elementor-element-e0bbc17 elementor-section-boxed elementor-section-height-default elementor-section-height-default\" data-id=\"e0bbc17\" data-element_type=\"section\">\n\t\t\t\t\t\t<div class=\"elementor-container elementor-column-gap-default\">\n\t\t\t\t\t<div class=\"elementor-column elementor-col-66 elementor-top-column elementor-element elementor-element-1358420\" data-id=\"1358420\" data-element_type=\"column\" data-settings=\"{&quot;background_background&quot;:&quot;classic&quot;}\">\n\t\t\t<div class=\"elementor-widget-wrap elementor-element-populated\">\n\t\t\t\t\t\t<div class=\"elementor-element elementor-element-3720119 elementor-widget elementor-widget-image\" data-id=\"3720119\" data-element_type=\"widget\" data-widget_type=\"image.default\">\n\t\t\t\t<div class=\"elementor-widget-container\">\n\t\t\t\t\t\t\t\t\t\t\t\t\t\t\t<img fetchpriority=\"high\" decoding=\"async\" width=\"800\" height=\"534\" src=\"https:\/\/easyfairsassets.com\/sites\/125\/2020\/03\/talent-4-future-1024x683.jpg\" class=\"attachment-large size-large wp-image-2027\" alt=\"\" srcset=\"https:\/\/easyfairsassets.com\/sites\/125\/2020\/03\/talent-4-future-1024x683.jpg 1024w, https:\/\/easyfairsassets.com\/sites\/125\/2020\/03\/talent-4-future-300x200.jpg 300w, https:\/\/easyfairsassets.com\/sites\/125\/2020\/03\/talent-4-future-768x512.jpg 768w, https:\/\/easyfairsassets.com\/sites\/125\/2020\/03\/talent-4-future.jpg 1500w\" sizes=\"(max-width: 800px) 100vw, 800px\" \/>\t\t\t\t\t\t\t\t\t\t\t\t\t\t\t<\/div>\n\t\t\t\t<\/div>\n\t\t\t\t<div class=\"elementor-element elementor-element-fb247f5 elementor-widget elementor-widget-heading\" data-id=\"fb247f5\" data-element_type=\"widget\" data-widget_type=\"heading.default\">\n\t\t\t\t<div class=\"elementor-widget-container\">\n\t\t\t\t\t<h2 class=\"elementor-heading-title elementor-size-default\">En nya t\u00e4vling f\u00f6r unga talanger<\/h2>\t\t\t\t<\/div>\n\t\t\t\t<\/div>\n\t\t\t\t<div class=\"elementor-element elementor-element-6264eba elementor-widget-divider--view-line elementor-widget elementor-widget-divider\" data-id=\"6264eba\" data-element_type=\"widget\" data-widget_type=\"divider.default\">\n\t\t\t\t<div class=\"elementor-widget-container\">\n\t\t\t\t\t\t\t<div class=\"elementor-divider\">\n\t\t\t<span class=\"elementor-divider-separator\">\n\t\t\t\t\t\t<\/span>\n\t\t<\/div>\n\t\t\t\t\t\t<\/div>\n\t\t\t\t<\/div>\n\t\t\t\t<div class=\"elementor-element elementor-element-bfc94e6 elementor-widget elementor-widget-text-editor\" data-id=\"bfc94e6\" data-element_type=\"widget\" data-widget_type=\"text-editor.default\">\n\t\t\t\t<div class=\"elementor-widget-container\">\n\t\t\t\t\t\t\t\t\t<p><strong>F\u00f6rpackningsm\u00e4ssan Empack forts\u00e4tter sin satsning inf\u00f6r 2020 och initierar en ny branscht\u00e4vling f\u00f6r\u00a0<\/strong><strong>unga talanger.\u00a0<\/strong><strong>Talents 4 Future riktar sig till talanger under 30 \u00e5r som arbetar i f\u00f6rpacknings\u00adbranschen och som driver utvecklingen av h\u00e5llbara f\u00f6rpackningar, material och nya tekniker.<\/strong><\/p><p><em>\u201dSom\u00a0<\/em><em>oberoende branschakt\u00f6r \u00e4r v\u00e5r m\u00e5ls\u00e4ttning att alltid bidra till branschens utveckling. Genom att skapa en t\u00e4vling som lyfter unga talanger inom f\u00f6rpackning tar vi ytterligare ett steg i helt r\u00e4tt riktning\u201d. \u2013 Emelie T\u00f6rn, projektledare, Empack<\/em><\/p><p>T\u00e4vlingen riktar sig till alla som p\u00e5 n\u00e5got s\u00e4tt tillh\u00f6r v\u00e4rdecykeln inom f\u00f6rpackning \u2013 f\u00f6rpackningsproducent, konverterare, \u00e5tervinnare och varum\u00e4rkes\u00e4gare. B\u00e5de enskilda personer och team kan ans\u00f6ka till t\u00e4vlingen genom att skriva en egen nominering eller genom att nomineras av n\u00e5gon annan. T\u00e4vlingen har h\u00e5llbar utveckling som \u00f6vergripande tema, n\u00e5got som Emelie T\u00f6rn, Projektledare Empack, bekr\u00e4ftar ligger helt i linje med vad Empack vill signalera.<\/p><p><em>\u201dAtt h\u00e5llbarhet ligger som ett \u00f6vergripande tema f\u00f6r t\u00e4vlingen k\u00e4nns som en sj\u00e4lvklarhet, det p\u00e5g\u00e5r en stor utveckling i branschen, h\u00e5llbarhet \u00e4r framtiden f\u00f6r f\u00f6rpackningsbranschen\u201d<\/em><\/p><p>Juryn best\u00e5r av personer med m\u00e5ng\u00e5rig erfarenhet ifr\u00e5n f\u00f6rpackningsbranschen. En av dem \u00e4r Zs\u00f3fia R\u00e9ger, f\u00f6rpackningsutvecklare Martin &amp; Servera, som uttrycker ett behov av nya innovationer och unga id\u00e9er som l\u00f6ser utmaningar som branschen st\u00e5r inf\u00f6r. D\u00e4rtill betonar Zs\u00f3fia att hon framf\u00f6rallt ser fram emot att ta del av bidrag som fokuserar p\u00e5 f\u00f6rpackningar som sparar material vid tillverkning.<\/p><p><em>\u201dVi har m\u00e5nga utmaningar inom branschen n\u00e4r det g\u00e4ller h\u00e5llbara materialval, informationsspridning, hantering och transport. Jag vill g\u00e4rna se l\u00f6sningar som adresserar n\u00e5gra av dessa fr\u00e5gor. Att hitta en f\u00f6rpackning som sparar material vid tillverkning och \u00e4r material\u00e5tervinningsbar skulle vara mycket intressant\u201d<\/em><\/p><p>Zs\u00f3fia f\u00e5r v\u00e4lmeriterade kollegor i juryn n\u00e4r de ska utse \u00e5rets unga talang med fokus p\u00e5 h\u00e5llbarhet:<\/p><ul><li>Maria Svantemark, Entrepreneur at Antler &amp; Sustainability consultant at SCAB<\/li><li>Mikael G\u00e4llstedt, Business Development Manager, Stora Enso<\/li><li>Sofia Erixson, Packaging Manager ICA Sverige<\/li><li>Elias Koinberg, F\u00f6rpackningsutvecklare Rusta<\/li><li>Karin Nyberg, Head of Sustainability Cartina<\/li><li>Sara Larsson, L\u00e4rare\/ansvarig grafisk design Brobygrafiska<\/li><\/ul><p><a href=\"https:\/\/www.empacksthlm.se\/sv\/talents-4-future\/\">L\u00e4s mer om t\u00e4vlingen Talents 4 Future och nominera dig sj\u00e4lv eller en kollega via v\u00e5r hemsida<\/a>.\u00a0Empack arrangeras 30 september \u2013 1 oktober 2020 p\u00e5 Kistam\u00e4ssan i Stockholm. P\u00e5 Empack kommer vinnarna koras.<\/p><p>F\u00f6r mer information, kontakta: Emelie T\u00f6rn, Projektledare Empack,\u00a0<a href=\"mailto:emelie.torn@easyfairs.com\">emelie.torn@easyfairs.com<\/a>, +46\u202f704 34 45 41,\u00a0<a href=\"https:\/\/www.empacksthlm.se\/sv\/\">empacksthlm.se<\/a><\/p>\t\t\t\t\t\t\t\t<\/div>\n\t\t\t\t<\/div>\n\t\t\t\t<div class=\"elementor-element elementor-element-efa708b elementor-widget elementor-widget-button\" data-id=\"efa708b\" data-element_type=\"widget\" data-widget_type=\"button.default\">\n\t\t\t\t<div class=\"elementor-widget-container\">\n\t\t\t\t\t\t\t\t\t<div class=\"elementor-button-wrapper\">\n\t\t\t\t\t<a class=\"elementor-button elementor-button-link elementor-size-sm\" href=\"https:\/\/www.empacksthlm.se\/sv\/blogg\/\">\n\t\t\t\t\t\t<span class=\"elementor-button-content-wrapper\">\n\t\t\t\t\t\t<span class=\"elementor-button-icon\">\n\t\t\t\t<i aria-hidden=\"true\" class=\"fas fa-angle-double-left\"><\/i>\t\t\t<\/span>\n\t\t\t\t\t\t\t\t\t<span class=\"elementor-button-text\">Tillbaka till bloggen<\/span>\n\t\t\t\t\t<\/span>\n\t\t\t\t\t<\/a>\n\t\t\t\t<\/div>\n\t\t\t\t\t\t\t\t<\/div>\n\t\t\t\t<\/div>\n\t\t\t\t\t<\/div>\n\t\t<\/div>\n\t\t\t\t<div class=\"elementor-column elementor-col-33 elementor-top-column elementor-element elementor-element-f3663e5\" data-id=\"f3663e5\" data-element_type=\"column\">\n\t\t\t<div class=\"elementor-widget-wrap elementor-element-populated\">\n\t\t\t\t\t\t<div class=\"elementor-element elementor-element-d4d8a78 elementor-widget elementor-widget-heading\" data-id=\"d4d8a78\" data-element_type=\"widget\" data-widget_type=\"heading.default\">\n\t\t\t\t<div class=\"elementor-widget-container\">\n\t\t\t\t\t<h4 class=\"elementor-heading-title elementor-size-default\">Dela inl\u00e4gget i dina sociala medier<\/h4>\t\t\t\t<\/div>\n\t\t\t\t<\/div>\n\t\t\t\t<div class=\"elementor-element elementor-element-8d5aaee elementor-share-buttons--view-icon elementor-share-buttons--color-custom elementor-share-buttons--skin-minimal elementor-share-buttons--shape-square elementor-grid-0 elementor-widget elementor-widget-share-buttons\" data-id=\"8d5aaee\" data-element_type=\"widget\" data-widget_type=\"share-buttons.default\">\n\t\t\t\t<div class=\"elementor-widget-container\">\n\t\t\t\t\t\t\t<div class=\"elementor-grid\" role=\"list\">\n\t\t\t\t\t\t\t\t<div class=\"elementor-grid-item\" role=\"listitem\">\n\t\t\t\t\t\t<div class=\"elementor-share-btn elementor-share-btn_facebook\" role=\"button\" tabindex=\"0\" aria-label=\"Share on facebook\">\n\t\t\t\t\t\t\t\t\t\t\t\t\t\t\t<span class=\"elementor-share-btn__icon\">\n\t\t\t\t\t\t\t\t<i class=\"fab fa-facebook\" aria-hidden=\"true\"><\/i>\t\t\t\t\t\t\t<\/span>\n\t\t\t\t\t\t\t\t\t\t\t\t\t\t\t\t\t\t\t\t<\/div>\n\t\t\t\t\t<\/div>\n\t\t\t\t\t\t\t\t\t<div class=\"elementor-grid-item\" role=\"listitem\">\n\t\t\t\t\t\t<div class=\"elementor-share-btn elementor-share-btn_linkedin\" role=\"button\" tabindex=\"0\" aria-label=\"Share on linkedin\">\n\t\t\t\t\t\t\t\t\t\t\t\t\t\t\t<span class=\"elementor-share-btn__icon\">\n\t\t\t\t\t\t\t\t<i class=\"fab fa-linkedin\" aria-hidden=\"true\"><\/i>\t\t\t\t\t\t\t<\/span>\n\t\t\t\t\t\t\t\t\t\t\t\t\t\t\t\t\t\t\t\t<\/div>\n\t\t\t\t\t<\/div>\n\t\t\t\t\t\t<\/div>\n\t\t\t\t\t\t<\/div>\n\t\t\t\t<\/div>\n\t\t\t\t<div class=\"elementor-element elementor-element-87efba7 elementor-widget elementor-widget-heading\" data-id=\"87efba7\" data-element_type=\"widget\" data-widget_type=\"heading.default\">\n\t\t\t\t<div class=\"elementor-widget-container\">\n\t\t\t\t\t<h4 class=\"elementor-heading-title elementor-size-default\">Senaste:<\/h4>\t\t\t\t<\/div>\n\t\t\t\t<\/div>\n\t\t\t\t<div class=\"elementor-element elementor-element-745f10b elementor-grid-1 elementor-posts--thumbnail-left elementor-grid-tablet-2 elementor-grid-mobile-1 elementor-widget elementor-widget-posts\" data-id=\"745f10b\" data-element_type=\"widget\" data-settings=\"{&quot;classic_columns&quot;:&quot;1&quot;,&quot;classic_row_gap&quot;:{&quot;unit&quot;:&quot;px&quot;,&quot;size&quot;:&quot;20&quot;,&quot;sizes&quot;:[]},&quot;classic_columns_tablet&quot;:&quot;2&quot;,&quot;classic_columns_mobile&quot;:&quot;1&quot;,&quot;classic_row_gap_tablet&quot;:{&quot;unit&quot;:&quot;px&quot;,&quot;size&quot;:&quot;&quot;,&quot;sizes&quot;:[]},&quot;classic_row_gap_mobile&quot;:{&quot;unit&quot;:&quot;px&quot;,&quot;size&quot;:&quot;&quot;,&quot;sizes&quot;:[]}}\" data-widget_type=\"posts.classic\">\n\t\t\t\t<div class=\"elementor-widget-container\">\n\t\t\t\t\t\t\t<div class=\"elementor-posts-container elementor-posts elementor-posts--skin-classic elementor-grid\" role=\"list\">\n\t\t\t\t<article class=\"elementor-post elementor-grid-item post-27930 post type-post status-publish format-standard has-post-thumbnail hentry category-nyhet\" role=\"listitem\">\n\t\t\t\t<a class=\"elementor-post__thumbnail__link\" href=\"https:\/\/www.empacksthlm.se\/sv\/2026\/04\/29\/fjarde-fokusomradet-for-empack-stockholm-2026-goods-in-motion\/\" tabindex=\"-1\" >\n\t\t\t<div class=\"elementor-post__thumbnail\"><img decoding=\"async\" width=\"300\" height=\"169\" src=\"https:\/\/easyfairsassets.com\/sites\/125\/2026\/04\/Fokusomraden2026goodsinmotion-300x169.jpg\" class=\"attachment-medium size-medium wp-image-27913\" alt=\"\" srcset=\"https:\/\/easyfairsassets.com\/sites\/125\/2026\/04\/Fokusomraden2026goodsinmotion-300x169.jpg 300w, https:\/\/easyfairsassets.com\/sites\/125\/2026\/04\/Fokusomraden2026goodsinmotion-1024x576.jpg 1024w, https:\/\/easyfairsassets.com\/sites\/125\/2026\/04\/Fokusomraden2026goodsinmotion-768x432.jpg 768w, https:\/\/easyfairsassets.com\/sites\/125\/2026\/04\/Fokusomraden2026goodsinmotion-1536x864.jpg 1536w, https:\/\/easyfairsassets.com\/sites\/125\/2026\/04\/Fokusomraden2026goodsinmotion.jpg 1920w\" sizes=\"(max-width: 300px) 100vw, 300px\" \/><\/div>\n\t\t<\/a>\n\t\t\t\t<div class=\"elementor-post__text\">\n\t\t\t\t<h3 class=\"elementor-post__title\">\n\t\t\t<a href=\"https:\/\/www.empacksthlm.se\/sv\/2026\/04\/29\/fjarde-fokusomradet-for-empack-stockholm-2026-goods-in-motion\/\" >\n\t\t\t\tFj\u00e4rde fokusomr\u00e5det f\u00f6r Empack Stockholm 2026: Goods in Motion\t\t\t<\/a>\n\t\t<\/h3>\n\t\t\n\t\t<a class=\"elementor-post__read-more\" href=\"https:\/\/www.empacksthlm.se\/sv\/2026\/04\/29\/fjarde-fokusomradet-for-empack-stockholm-2026-goods-in-motion\/\" aria-label=\"Read more about Fj\u00e4rde fokusomr\u00e5det f\u00f6r Empack Stockholm 2026: Goods in Motion\" tabindex=\"-1\" >\n\t\t\tL\u00e4s mer \u00bb\t\t<\/a>\n\n\t\t\t\t<\/div>\n\t\t\t\t<\/article>\n\t\t\t\t<article class=\"elementor-post elementor-grid-item post-27876 post type-post status-publish format-standard has-post-thumbnail hentry category-nyhet\" role=\"listitem\">\n\t\t\t\t<a class=\"elementor-post__thumbnail__link\" href=\"https:\/\/www.empacksthlm.se\/sv\/2026\/04\/27\/elementor-27876\/\" tabindex=\"-1\" >\n\t\t\t<div class=\"elementor-post__thumbnail\"><img decoding=\"async\" width=\"300\" height=\"169\" src=\"https:\/\/easyfairsassets.com\/sites\/125\/2026\/04\/Fokusomraden2026PP-300x169.jpg\" class=\"attachment-medium size-medium wp-image-27883\" alt=\"fokusomr\u00e5dePP26\" srcset=\"https:\/\/easyfairsassets.com\/sites\/125\/2026\/04\/Fokusomraden2026PP-300x169.jpg 300w, https:\/\/easyfairsassets.com\/sites\/125\/2026\/04\/Fokusomraden2026PP-1024x576.jpg 1024w, https:\/\/easyfairsassets.com\/sites\/125\/2026\/04\/Fokusomraden2026PP-768x432.jpg 768w, https:\/\/easyfairsassets.com\/sites\/125\/2026\/04\/Fokusomraden2026PP-1536x864.jpg 1536w, https:\/\/easyfairsassets.com\/sites\/125\/2026\/04\/Fokusomraden2026PP.jpg 1920w\" sizes=\"(max-width: 300px) 100vw, 300px\" \/><\/div>\n\t\t<\/a>\n\t\t\t\t<div class=\"elementor-post__text\">\n\t\t\t\t<h3 class=\"elementor-post__title\">\n\t\t\t<a href=\"https:\/\/www.empacksthlm.se\/sv\/2026\/04\/27\/elementor-27876\/\" >\n\t\t\t\tTredje fokusomr\u00e5det f\u00f6r\u00a0Empack\u00a0Stockholm 2026:\u00a0Packaging\u00a0that\u00a0performs\t\t\t<\/a>\n\t\t<\/h3>\n\t\t\n\t\t<a class=\"elementor-post__read-more\" href=\"https:\/\/www.empacksthlm.se\/sv\/2026\/04\/27\/elementor-27876\/\" aria-label=\"Read more about Tredje fokusomr\u00e5det f\u00f6r\u00a0Empack\u00a0Stockholm 2026:\u00a0Packaging\u00a0that\u00a0performs\" tabindex=\"-1\" >\n\t\t\tL\u00e4s mer \u00bb\t\t<\/a>\n\n\t\t\t\t<\/div>\n\t\t\t\t<\/article>\n\t\t\t\t<article class=\"elementor-post elementor-grid-item post-27859 post type-post status-publish format-standard has-post-thumbnail hentry category-nyhet\" role=\"listitem\">\n\t\t\t\t<a class=\"elementor-post__thumbnail__link\" href=\"https:\/\/www.empacksthlm.se\/sv\/2026\/04\/23\/andra-fokusomradet-for-empack-stockholm-2026-food-bevarage\/\" tabindex=\"-1\" >\n\t\t\t<div class=\"elementor-post__thumbnail\"><img loading=\"lazy\" decoding=\"async\" width=\"300\" height=\"169\" src=\"https:\/\/easyfairsassets.com\/sites\/125\/2026\/04\/Fokusomraden2026FB-300x169.jpg\" class=\"attachment-medium size-medium wp-image-27863\" alt=\"FB\" srcset=\"https:\/\/easyfairsassets.com\/sites\/125\/2026\/04\/Fokusomraden2026FB-300x169.jpg 300w, https:\/\/easyfairsassets.com\/sites\/125\/2026\/04\/Fokusomraden2026FB-1024x576.jpg 1024w, https:\/\/easyfairsassets.com\/sites\/125\/2026\/04\/Fokusomraden2026FB-768x432.jpg 768w, https:\/\/easyfairsassets.com\/sites\/125\/2026\/04\/Fokusomraden2026FB-1536x864.jpg 1536w, https:\/\/easyfairsassets.com\/sites\/125\/2026\/04\/Fokusomraden2026FB.jpg 1920w\" sizes=\"(max-width: 300px) 100vw, 300px\" \/><\/div>\n\t\t<\/a>\n\t\t\t\t<div class=\"elementor-post__text\">\n\t\t\t\t<h3 class=\"elementor-post__title\">\n\t\t\t<a href=\"https:\/\/www.empacksthlm.se\/sv\/2026\/04\/23\/andra-fokusomradet-for-empack-stockholm-2026-food-bevarage\/\" >\n\t\t\t\tAndra fokusomr\u00e5det f\u00f6r Empack Stockholm 2026: Food &amp; Bevarage\t\t\t<\/a>\n\t\t<\/h3>\n\t\t\n\t\t<a class=\"elementor-post__read-more\" href=\"https:\/\/www.empacksthlm.se\/sv\/2026\/04\/23\/andra-fokusomradet-for-empack-stockholm-2026-food-bevarage\/\" aria-label=\"Read more about Andra fokusomr\u00e5det f\u00f6r Empack Stockholm 2026: Food &amp; Bevarage\" tabindex=\"-1\" >\n\t\t\tL\u00e4s mer \u00bb\t\t<\/a>\n\n\t\t\t\t<\/div>\n\t\t\t\t<\/article>\n\t\t\t\t<\/div>\n\t\t\n\t\t\t\t\t\t<\/div>\n\t\t\t\t<\/div>\n\t\t\t\t\t<\/div>\n\t\t<\/div>\n\t\t\t\t\t<\/div>\n\t\t<\/section>\n\t\t\t\t<section class=\"elementor-section elementor-top-section elementor-element elementor-element-1f460844 elementor-hidden-phone elementor-section-boxed elementor-section-height-default elementor-section-height-default\" data-id=\"1f460844\" data-element_type=\"section\" data-settings=\"{&quot;background_background&quot;:&quot;classic&quot;}\">\n\t\t\t\t\t\t<div class=\"elementor-container elementor-column-gap-default\">\n\t\t\t\t\t<div class=\"elementor-column elementor-col-100 elementor-top-column elementor-element elementor-element-600c4065\" data-id=\"600c4065\" data-element_type=\"column\">\n\t\t\t<div class=\"elementor-widget-wrap\">\n\t\t\t\t\t\t\t<\/div>\n\t\t<\/div>\n\t\t\t\t\t<\/div>\n\t\t<\/section>\n\t\t\t\t<\/div>\n\t\t","protected":false},"excerpt":{"rendered":"<p>F\u00f6rpackningsm\u00e4ssan Empack forts\u00e4tter sin satsning inf\u00f6r 2020 och initierar en ny branscht\u00e4vling f\u00f6r unga talanger.<\/p>\n","protected":false},"author":19,"featured_media":2027,"comment_status":"closed","ping_status":"closed","sticky":false,"template":"elementor_header_footer","format":"standard","meta":{"_seopress_robots_primary_cat":"none","_seopress_titles_title":"Talents 4 Future - Empack initierar ny t\u00e4vling","_seopress_titles_desc":"F\u00f6rpackningsm\u00e4ssan Empack forts\u00e4tter sin satsning inf\u00f6r 2020 och initierar en ny branscht\u00e4vling f\u00f6r unga talanger.","_seopress_robots_index":"","footnotes":""},"categories":[266],"tags":[],"edition":[],"class_list":["post-2048","post","type-post","status-publish","format-standard","has-post-thumbnail","hentry","category-pressmeddelande"],"_links":{"self":[{"href":"https:\/\/www.empacksthlm.se\/sv\/wp-json\/wp\/v2\/posts\/2048","targetHints":{"allow":["GET"]}}],"collection":[{"href":"https:\/\/www.empacksthlm.se\/sv\/wp-json\/wp\/v2\/posts"}],"about":[{"href":"https:\/\/www.empacksthlm.se\/sv\/wp-json\/wp\/v2\/types\/post"}],"author":[{"embeddable":true,"href":"https:\/\/www.empacksthlm.se\/sv\/wp-json\/wp\/v2\/users\/19"}],"replies":[{"embeddable":true,"href":"https:\/\/www.empacksthlm.se\/sv\/wp-json\/wp\/v2\/comments?post=2048"}],"version-history":[{"count":0,"href":"https:\/\/www.empacksthlm.se\/sv\/wp-json\/wp\/v2\/posts\/2048\/revisions"}],"wp:featuredmedia":[{"embeddable":true,"href":"https:\/\/www.empacksthlm.se\/sv\/wp-json\/wp\/v2\/media\/2027"}],"wp:attachment":[{"href":"https:\/\/www.empacksthlm.se\/sv\/wp-json\/wp\/v2\/media?parent=2048"}],"wp:term":[{"taxonomy":"category","embeddable":true,"href":"https:\/\/www.empacksthlm.se\/sv\/wp-json\/wp\/v2\/categories?post=2048"},{"taxonomy":"post_tag","embeddable":true,"href":"https:\/\/www.empacksthlm.se\/sv\/wp-json\/wp\/v2\/tags?post=2048"},{"taxonomy":"edition","embeddable":true,"href":"https:\/\/www.empacksthlm.se\/sv\/wp-json\/wp\/v2\/edition?post=2048"}],"curies":[{"name":"wp","href":"https:\/\/api.w.org\/{rel}","templated":true}]}}