{"id":1635,"date":"2020-02-04T11:31:35","date_gmt":"2020-02-04T10:31:35","guid":{"rendered":"https:\/\/www.empacksthlm.se\/?p=1635"},"modified":"2020-04-20T09:08:02","modified_gmt":"2020-04-20T07:08:02","slug":"nar-blir-pant-en-global-foreteelse","status":"publish","type":"post","link":"https:\/\/www.empacksthlm.se\/sv\/2020\/02\/04\/nar-blir-pant-en-global-foreteelse\/","title":{"rendered":"N\u00e4r blir pant en global f\u00f6reteelse?"},"content":{"rendered":"\t\t<div data-elementor-type=\"wp-post\" data-elementor-id=\"1635\" class=\"elementor elementor-1635\" data-elementor-post-type=\"post\">\n\t\t\t\t\t\t<section class=\"elementor-section elementor-top-section elementor-element elementor-element-af9f3ce elementor-section-boxed elementor-section-height-default elementor-section-height-default\" data-id=\"af9f3ce\" data-element_type=\"section\" data-settings=\"{&quot;background_background&quot;:&quot;classic&quot;,&quot;shape_divider_bottom&quot;:&quot;tilt&quot;}\">\n\t\t\t\t\t\t\t<div class=\"elementor-background-overlay\"><\/div>\n\t\t\t\t\t\t<div class=\"elementor-shape elementor-shape-bottom\" aria-hidden=\"true\" data-negative=\"false\">\n\t\t\t<svg xmlns=\"http:\/\/www.w3.org\/2000\/svg\" viewBox=\"0 0 1000 100\" preserveAspectRatio=\"none\">\n\t<path class=\"elementor-shape-fill\" d=\"M0,6V0h1000v100L0,6z\"\/>\n<\/svg>\t\t<\/div>\n\t\t\t\t\t<div class=\"elementor-container elementor-column-gap-default\">\n\t\t\t\t\t<div class=\"elementor-column elementor-col-100 elementor-top-column elementor-element elementor-element-e5a0235\" data-id=\"e5a0235\" data-element_type=\"column\">\n\t\t\t<div class=\"elementor-widget-wrap elementor-element-populated\">\n\t\t\t\t\t\t<div class=\"elementor-element elementor-element-3006521 elementor-widget elementor-widget-heading\" data-id=\"3006521\" data-element_type=\"widget\" data-widget_type=\"heading.default\">\n\t\t\t\t<div class=\"elementor-widget-container\">\n\t\t\t\t\t<h1 class=\"elementor-heading-title elementor-size-default\">N\u00e4r bli pant en global f\u00f6reteelse?<\/h1>\t\t\t\t<\/div>\n\t\t\t\t<\/div>\n\t\t\t\t\t<\/div>\n\t\t<\/div>\n\t\t\t\t\t<\/div>\n\t\t<\/section>\n\t\t\t\t<section class=\"elementor-section elementor-top-section elementor-element elementor-element-e0bbc17 elementor-section-boxed elementor-section-height-default elementor-section-height-default\" data-id=\"e0bbc17\" data-element_type=\"section\">\n\t\t\t\t\t\t<div class=\"elementor-container elementor-column-gap-default\">\n\t\t\t\t\t<div class=\"elementor-column elementor-col-66 elementor-top-column elementor-element elementor-element-1358420\" data-id=\"1358420\" data-element_type=\"column\" data-settings=\"{&quot;background_background&quot;:&quot;classic&quot;}\">\n\t\t\t<div class=\"elementor-widget-wrap elementor-element-populated\">\n\t\t\t\t\t\t<div class=\"elementor-element elementor-element-3720119 elementor-widget elementor-widget-image\" data-id=\"3720119\" data-element_type=\"widget\" data-widget_type=\"image.default\">\n\t\t\t\t<div class=\"elementor-widget-container\">\n\t\t\t\t\t\t\t\t\t\t\t\t\t\t\t<img fetchpriority=\"high\" decoding=\"async\" width=\"600\" height=\"797\" src=\"https:\/\/easyfairsassets.com\/sites\/125\/2020\/02\/sara_bergendorff.jpg\" class=\"attachment-large size-large wp-image-1639\" alt=\"\" srcset=\"https:\/\/easyfairsassets.com\/sites\/125\/2020\/02\/sara_bergendorff.jpg 600w, https:\/\/easyfairsassets.com\/sites\/125\/2020\/02\/sara_bergendorff-226x300.jpg 226w\" sizes=\"(max-width: 600px) 100vw, 600px\" \/>\t\t\t\t\t\t\t\t\t\t\t\t\t\t\t<\/div>\n\t\t\t\t<\/div>\n\t\t\t\t<div class=\"elementor-element elementor-element-fb247f5 elementor-widget elementor-widget-heading\" data-id=\"fb247f5\" data-element_type=\"widget\" data-widget_type=\"heading.default\">\n\t\t\t\t<div class=\"elementor-widget-container\">\n\t\t\t\t\t<h2 class=\"elementor-heading-title elementor-size-default\">N\u00e4r och hur blir pant globalt?<\/h2>\t\t\t\t<\/div>\n\t\t\t\t<\/div>\n\t\t\t\t<div class=\"elementor-element elementor-element-6264eba elementor-widget-divider--view-line elementor-widget elementor-widget-divider\" data-id=\"6264eba\" data-element_type=\"widget\" data-widget_type=\"divider.default\">\n\t\t\t\t<div class=\"elementor-widget-container\">\n\t\t\t\t\t\t\t<div class=\"elementor-divider\">\n\t\t\t<span class=\"elementor-divider-separator\">\n\t\t\t\t\t\t<\/span>\n\t\t<\/div>\n\t\t\t\t\t\t<\/div>\n\t\t\t\t<\/div>\n\t\t\t\t<div class=\"elementor-element elementor-element-bfc94e6 elementor-widget elementor-widget-text-editor\" data-id=\"bfc94e6\" data-element_type=\"widget\" data-widget_type=\"text-editor.default\">\n\t\t\t\t<div class=\"elementor-widget-container\">\n\t\t\t\t\t\t\t\t\t<p>I h\u00f6stas, sist vi s\u00e5gs p\u00e5 Empack, hade vi Christian von Essen och Podcasten Heja Framtiden p\u00e5 plats f\u00f6r att f\u00e5nga upp viktiga \u00e4mnen som m\u00e5ste diskuteras och ifr\u00e5gas\u00e4ttas. <span style=\"font-size: 15px\">Sara Bergendorff, producent- och import\u00f6rsansvarig p\u00e5 Returpack\/Pantamera <em>(f\u00f6retaget som driver det svenska pantsystemet f\u00f6r PET-flaskor och aluminiumburkar),<\/em> var en av dem som tog plats i heta stolen under dessa dagarna.<\/span><\/p><p>Pant \u00e4r en viktig del i samh\u00e4llsutvecklingen och f\u00f6r en fungerande cirkul\u00e4r ekonomi. Under samtalet mellan Sara och Christian f\u00e5r du djupare insikter i hur processen ser ut, vilka vidare m\u00f6jligheter som finns samt vad Sara tror om den stora fr\u00e5gan, n\u00e4r blir pant globalt och hur ska det g\u00e5 till?\u00a0\u00a0<\/p><p><a href=\"http:\/\/hejaframtiden.se\/heja-framtiden-podcast-107-sara-bergendorff\/\">L\u00e4s mer p\u00e5 Heja framtiden podcast<\/a><\/p>\t\t\t\t\t\t\t\t<\/div>\n\t\t\t\t<\/div>\n\t\t\t\t<div class=\"elementor-element elementor-element-efa708b elementor-widget elementor-widget-button\" data-id=\"efa708b\" data-element_type=\"widget\" data-widget_type=\"button.default\">\n\t\t\t\t<div class=\"elementor-widget-container\">\n\t\t\t\t\t\t\t\t\t<div class=\"elementor-button-wrapper\">\n\t\t\t\t\t<a class=\"elementor-button elementor-button-link elementor-size-sm\" href=\"https:\/\/www.empacksthlm.se\/sv\/blogg\/\">\n\t\t\t\t\t\t<span class=\"elementor-button-content-wrapper\">\n\t\t\t\t\t\t<span class=\"elementor-button-icon\">\n\t\t\t\t<i aria-hidden=\"true\" class=\"fas fa-angle-double-left\"><\/i>\t\t\t<\/span>\n\t\t\t\t\t\t\t\t\t<span class=\"elementor-button-text\">Tillbaka till bloggen<\/span>\n\t\t\t\t\t<\/span>\n\t\t\t\t\t<\/a>\n\t\t\t\t<\/div>\n\t\t\t\t\t\t\t\t<\/div>\n\t\t\t\t<\/div>\n\t\t\t\t\t<\/div>\n\t\t<\/div>\n\t\t\t\t<div class=\"elementor-column elementor-col-33 elementor-top-column elementor-element elementor-element-f3663e5\" data-id=\"f3663e5\" data-element_type=\"column\">\n\t\t\t<div class=\"elementor-widget-wrap elementor-element-populated\">\n\t\t\t\t\t\t<div class=\"elementor-element elementor-element-8d5aaee elementor-share-buttons--view-icon elementor-share-buttons--color-custom elementor-share-buttons--skin-minimal elementor-share-buttons--shape-square elementor-grid-0 elementor-widget elementor-widget-share-buttons\" data-id=\"8d5aaee\" data-element_type=\"widget\" data-widget_type=\"share-buttons.default\">\n\t\t\t\t<div class=\"elementor-widget-container\">\n\t\t\t\t\t\t\t<div class=\"elementor-grid\" role=\"list\">\n\t\t\t\t\t\t\t\t<div class=\"elementor-grid-item\" role=\"listitem\">\n\t\t\t\t\t\t<div class=\"elementor-share-btn elementor-share-btn_facebook\" role=\"button\" tabindex=\"0\" aria-label=\"Share on facebook\">\n\t\t\t\t\t\t\t\t\t\t\t\t\t\t\t<span class=\"elementor-share-btn__icon\">\n\t\t\t\t\t\t\t\t<i class=\"fab fa-facebook\" aria-hidden=\"true\"><\/i>\t\t\t\t\t\t\t<\/span>\n\t\t\t\t\t\t\t\t\t\t\t\t\t\t\t\t\t\t\t\t<\/div>\n\t\t\t\t\t<\/div>\n\t\t\t\t\t\t\t\t\t<div class=\"elementor-grid-item\" role=\"listitem\">\n\t\t\t\t\t\t<div class=\"elementor-share-btn elementor-share-btn_linkedin\" role=\"button\" tabindex=\"0\" aria-label=\"Share on linkedin\">\n\t\t\t\t\t\t\t\t\t\t\t\t\t\t\t<span class=\"elementor-share-btn__icon\">\n\t\t\t\t\t\t\t\t<i class=\"fab fa-linkedin\" aria-hidden=\"true\"><\/i>\t\t\t\t\t\t\t<\/span>\n\t\t\t\t\t\t\t\t\t\t\t\t\t\t\t\t\t\t\t\t<\/div>\n\t\t\t\t\t<\/div>\n\t\t\t\t\t\t<\/div>\n\t\t\t\t\t\t<\/div>\n\t\t\t\t<\/div>\n\t\t\t\t<div class=\"elementor-element elementor-element-87efba7 elementor-widget elementor-widget-heading\" data-id=\"87efba7\" data-element_type=\"widget\" data-widget_type=\"heading.default\">\n\t\t\t\t<div class=\"elementor-widget-container\">\n\t\t\t\t\t<h4 class=\"elementor-heading-title elementor-size-default\">Senaste:<\/h4>\t\t\t\t<\/div>\n\t\t\t\t<\/div>\n\t\t\t\t<div class=\"elementor-element elementor-element-745f10b elementor-grid-1 elementor-posts--thumbnail-left elementor-grid-tablet-2 elementor-grid-mobile-1 elementor-widget elementor-widget-posts\" data-id=\"745f10b\" data-element_type=\"widget\" data-settings=\"{&quot;classic_columns&quot;:&quot;1&quot;,&quot;classic_row_gap&quot;:{&quot;unit&quot;:&quot;px&quot;,&quot;size&quot;:&quot;20&quot;,&quot;sizes&quot;:[]},&quot;classic_columns_tablet&quot;:&quot;2&quot;,&quot;classic_columns_mobile&quot;:&quot;1&quot;,&quot;classic_row_gap_tablet&quot;:{&quot;unit&quot;:&quot;px&quot;,&quot;size&quot;:&quot;&quot;,&quot;sizes&quot;:[]},&quot;classic_row_gap_mobile&quot;:{&quot;unit&quot;:&quot;px&quot;,&quot;size&quot;:&quot;&quot;,&quot;sizes&quot;:[]}}\" data-widget_type=\"posts.classic\">\n\t\t\t\t<div class=\"elementor-widget-container\">\n\t\t\t\t\t\t\t<div class=\"elementor-posts-container elementor-posts elementor-posts--skin-classic elementor-grid\" role=\"list\">\n\t\t\t\t<article class=\"elementor-post elementor-grid-item post-27930 post type-post status-publish format-standard has-post-thumbnail hentry category-nyhet\" role=\"listitem\">\n\t\t\t\t<a class=\"elementor-post__thumbnail__link\" href=\"https:\/\/www.empacksthlm.se\/sv\/2026\/04\/29\/fjarde-fokusomradet-for-empack-stockholm-2026-goods-in-motion\/\" tabindex=\"-1\" >\n\t\t\t<div class=\"elementor-post__thumbnail\"><img decoding=\"async\" width=\"300\" height=\"169\" src=\"https:\/\/easyfairsassets.com\/sites\/125\/2026\/04\/Fokusomraden2026goodsinmotion-300x169.jpg\" class=\"attachment-medium size-medium wp-image-27913\" alt=\"\" srcset=\"https:\/\/easyfairsassets.com\/sites\/125\/2026\/04\/Fokusomraden2026goodsinmotion-300x169.jpg 300w, https:\/\/easyfairsassets.com\/sites\/125\/2026\/04\/Fokusomraden2026goodsinmotion-1024x576.jpg 1024w, https:\/\/easyfairsassets.com\/sites\/125\/2026\/04\/Fokusomraden2026goodsinmotion-768x432.jpg 768w, https:\/\/easyfairsassets.com\/sites\/125\/2026\/04\/Fokusomraden2026goodsinmotion-1536x864.jpg 1536w, https:\/\/easyfairsassets.com\/sites\/125\/2026\/04\/Fokusomraden2026goodsinmotion.jpg 1920w\" sizes=\"(max-width: 300px) 100vw, 300px\" \/><\/div>\n\t\t<\/a>\n\t\t\t\t<div class=\"elementor-post__text\">\n\t\t\t\t<h3 class=\"elementor-post__title\">\n\t\t\t<a href=\"https:\/\/www.empacksthlm.se\/sv\/2026\/04\/29\/fjarde-fokusomradet-for-empack-stockholm-2026-goods-in-motion\/\" >\n\t\t\t\tFj\u00e4rde fokusomr\u00e5det f\u00f6r Empack Stockholm 2026: Goods in Motion\t\t\t<\/a>\n\t\t<\/h3>\n\t\t\n\t\t<a class=\"elementor-post__read-more\" href=\"https:\/\/www.empacksthlm.se\/sv\/2026\/04\/29\/fjarde-fokusomradet-for-empack-stockholm-2026-goods-in-motion\/\" aria-label=\"Read more about Fj\u00e4rde fokusomr\u00e5det f\u00f6r Empack Stockholm 2026: Goods in Motion\" tabindex=\"-1\" >\n\t\t\tL\u00e4s mer \u00bb\t\t<\/a>\n\n\t\t\t\t<\/div>\n\t\t\t\t<\/article>\n\t\t\t\t<article class=\"elementor-post elementor-grid-item post-27876 post type-post status-publish format-standard has-post-thumbnail hentry category-nyhet\" role=\"listitem\">\n\t\t\t\t<a class=\"elementor-post__thumbnail__link\" href=\"https:\/\/www.empacksthlm.se\/sv\/2026\/04\/27\/elementor-27876\/\" tabindex=\"-1\" >\n\t\t\t<div class=\"elementor-post__thumbnail\"><img decoding=\"async\" width=\"300\" height=\"169\" src=\"https:\/\/easyfairsassets.com\/sites\/125\/2026\/04\/Fokusomraden2026PP-300x169.jpg\" class=\"attachment-medium size-medium wp-image-27883\" alt=\"fokusomr\u00e5dePP26\" srcset=\"https:\/\/easyfairsassets.com\/sites\/125\/2026\/04\/Fokusomraden2026PP-300x169.jpg 300w, https:\/\/easyfairsassets.com\/sites\/125\/2026\/04\/Fokusomraden2026PP-1024x576.jpg 1024w, https:\/\/easyfairsassets.com\/sites\/125\/2026\/04\/Fokusomraden2026PP-768x432.jpg 768w, https:\/\/easyfairsassets.com\/sites\/125\/2026\/04\/Fokusomraden2026PP-1536x864.jpg 1536w, https:\/\/easyfairsassets.com\/sites\/125\/2026\/04\/Fokusomraden2026PP.jpg 1920w\" sizes=\"(max-width: 300px) 100vw, 300px\" \/><\/div>\n\t\t<\/a>\n\t\t\t\t<div class=\"elementor-post__text\">\n\t\t\t\t<h3 class=\"elementor-post__title\">\n\t\t\t<a href=\"https:\/\/www.empacksthlm.se\/sv\/2026\/04\/27\/elementor-27876\/\" >\n\t\t\t\tTredje fokusomr\u00e5det f\u00f6r\u00a0Empack\u00a0Stockholm 2026:\u00a0Packaging\u00a0that\u00a0performs\t\t\t<\/a>\n\t\t<\/h3>\n\t\t\n\t\t<a class=\"elementor-post__read-more\" href=\"https:\/\/www.empacksthlm.se\/sv\/2026\/04\/27\/elementor-27876\/\" aria-label=\"Read more about Tredje fokusomr\u00e5det f\u00f6r\u00a0Empack\u00a0Stockholm 2026:\u00a0Packaging\u00a0that\u00a0performs\" tabindex=\"-1\" >\n\t\t\tL\u00e4s mer \u00bb\t\t<\/a>\n\n\t\t\t\t<\/div>\n\t\t\t\t<\/article>\n\t\t\t\t<article class=\"elementor-post elementor-grid-item post-27859 post type-post status-publish format-standard has-post-thumbnail hentry category-nyhet\" role=\"listitem\">\n\t\t\t\t<a class=\"elementor-post__thumbnail__link\" href=\"https:\/\/www.empacksthlm.se\/sv\/2026\/04\/23\/andra-fokusomradet-for-empack-stockholm-2026-food-bevarage\/\" tabindex=\"-1\" >\n\t\t\t<div class=\"elementor-post__thumbnail\"><img loading=\"lazy\" decoding=\"async\" width=\"300\" height=\"169\" src=\"https:\/\/easyfairsassets.com\/sites\/125\/2026\/04\/Fokusomraden2026FB-300x169.jpg\" class=\"attachment-medium size-medium wp-image-27863\" alt=\"FB\" srcset=\"https:\/\/easyfairsassets.com\/sites\/125\/2026\/04\/Fokusomraden2026FB-300x169.jpg 300w, https:\/\/easyfairsassets.com\/sites\/125\/2026\/04\/Fokusomraden2026FB-1024x576.jpg 1024w, https:\/\/easyfairsassets.com\/sites\/125\/2026\/04\/Fokusomraden2026FB-768x432.jpg 768w, https:\/\/easyfairsassets.com\/sites\/125\/2026\/04\/Fokusomraden2026FB-1536x864.jpg 1536w, https:\/\/easyfairsassets.com\/sites\/125\/2026\/04\/Fokusomraden2026FB.jpg 1920w\" sizes=\"(max-width: 300px) 100vw, 300px\" \/><\/div>\n\t\t<\/a>\n\t\t\t\t<div class=\"elementor-post__text\">\n\t\t\t\t<h3 class=\"elementor-post__title\">\n\t\t\t<a href=\"https:\/\/www.empacksthlm.se\/sv\/2026\/04\/23\/andra-fokusomradet-for-empack-stockholm-2026-food-bevarage\/\" >\n\t\t\t\tAndra fokusomr\u00e5det f\u00f6r Empack Stockholm 2026: Food &amp; Bevarage\t\t\t<\/a>\n\t\t<\/h3>\n\t\t\n\t\t<a class=\"elementor-post__read-more\" href=\"https:\/\/www.empacksthlm.se\/sv\/2026\/04\/23\/andra-fokusomradet-for-empack-stockholm-2026-food-bevarage\/\" aria-label=\"Read more about Andra fokusomr\u00e5det f\u00f6r Empack Stockholm 2026: Food &amp; Bevarage\" tabindex=\"-1\" >\n\t\t\tL\u00e4s mer \u00bb\t\t<\/a>\n\n\t\t\t\t<\/div>\n\t\t\t\t<\/article>\n\t\t\t\t<\/div>\n\t\t\n\t\t\t\t\t\t<\/div>\n\t\t\t\t<\/div>\n\t\t\t\t\t<\/div>\n\t\t<\/div>\n\t\t\t\t\t<\/div>\n\t\t<\/section>\n\t\t\t\t<section class=\"elementor-section elementor-top-section elementor-element elementor-element-1f460844 elementor-hidden-phone elementor-section-boxed elementor-section-height-default elementor-section-height-default\" data-id=\"1f460844\" data-element_type=\"section\" data-settings=\"{&quot;background_background&quot;:&quot;classic&quot;}\">\n\t\t\t\t\t\t<div class=\"elementor-container elementor-column-gap-default\">\n\t\t\t\t\t<div class=\"elementor-column elementor-col-100 elementor-top-column elementor-element elementor-element-600c4065\" data-id=\"600c4065\" data-element_type=\"column\">\n\t\t\t<div class=\"elementor-widget-wrap\">\n\t\t\t\t\t\t\t<\/div>\n\t\t<\/div>\n\t\t\t\t\t<\/div>\n\t\t<\/section>\n\t\t\t\t<\/div>\n\t\t","protected":false},"excerpt":{"rendered":"<p>Hur ser processen ut, vilka vidare m\u00f6jligheter finns det och n\u00e4r blir pant globalt? Lyssna till Sara Bergendorff, Returpack direkt fr\u00e5n Empack-m\u00e4ssan.<\/p>\n","protected":false},"author":19,"featured_media":1636,"comment_status":"closed","ping_status":"closed","sticky":false,"template":"elementor_header_footer","format":"standard","meta":{"_seopress_robots_primary_cat":"none","_seopress_titles_title":"Pant som en global f\u00f6reteelse - Hur l\u00e5ngt har vi kvar?","_seopress_titles_desc":"Hur ser processen ut, vilka vidare m\u00f6jligheter finns det och n\u00e4r blir pant globalt? Lyssna till Sara Bergendorff, Returpack direkt fr\u00e5n Empack-m\u00e4ssan.","_seopress_robots_index":"","footnotes":""},"categories":[264],"tags":[],"edition":[],"class_list":["post-1635","post","type-post","status-publish","format-standard","has-post-thumbnail","hentry","category-hallbarhet"],"_links":{"self":[{"href":"https:\/\/www.empacksthlm.se\/sv\/wp-json\/wp\/v2\/posts\/1635","targetHints":{"allow":["GET"]}}],"collection":[{"href":"https:\/\/www.empacksthlm.se\/sv\/wp-json\/wp\/v2\/posts"}],"about":[{"href":"https:\/\/www.empacksthlm.se\/sv\/wp-json\/wp\/v2\/types\/post"}],"author":[{"embeddable":true,"href":"https:\/\/www.empacksthlm.se\/sv\/wp-json\/wp\/v2\/users\/19"}],"replies":[{"embeddable":true,"href":"https:\/\/www.empacksthlm.se\/sv\/wp-json\/wp\/v2\/comments?post=1635"}],"version-history":[{"count":0,"href":"https:\/\/www.empacksthlm.se\/sv\/wp-json\/wp\/v2\/posts\/1635\/revisions"}],"wp:featuredmedia":[{"embeddable":true,"href":"https:\/\/www.empacksthlm.se\/sv\/wp-json\/wp\/v2\/media\/1636"}],"wp:attachment":[{"href":"https:\/\/www.empacksthlm.se\/sv\/wp-json\/wp\/v2\/media?parent=1635"}],"wp:term":[{"taxonomy":"category","embeddable":true,"href":"https:\/\/www.empacksthlm.se\/sv\/wp-json\/wp\/v2\/categories?post=1635"},{"taxonomy":"post_tag","embeddable":true,"href":"https:\/\/www.empacksthlm.se\/sv\/wp-json\/wp\/v2\/tags?post=1635"},{"taxonomy":"edition","embeddable":true,"href":"https:\/\/www.empacksthlm.se\/sv\/wp-json\/wp\/v2\/edition?post=1635"}],"curies":[{"name":"wp","href":"https:\/\/api.w.org\/{rel}","templated":true}]}}